{"id":2951,"date":"2022-05-19T14:45:41","date_gmt":"2022-05-19T12:45:41","guid":{"rendered":"https:\/\/www.deltamobleandorra.com\/el-iconico-sofa-soriana-de-cassina-se-reinventa\/"},"modified":"2022-05-19T14:45:41","modified_gmt":"2022-05-19T12:45:41","slug":"el-iconico-sofa-soriana-de-cassina-se-reinventa","status":"publish","type":"post","link":"https:\/\/www.deltamobleandorra.com\/es\/el-iconico-sofa-soriana-de-cassina-se-reinventa\/","title":{"rendered":"El ic\u00f3nico sof\u00e1 Soriana, de Cassina, se reinventa"},"content":{"rendered":"<p><em><img decoding=\"async\" class=\"alignnone wp-image-2944 size-large lazyload\" data-src=\"https:\/\/www.deltamobleandorra.com\/wp-content\/uploads\/2022\/05\/soriana_3-1024x761.jpg\" alt=\"\" width=\"848\" height=\"630\" data-srcset=\"https:\/\/www.deltamobleandorra.com\/wp-content\/uploads\/2022\/05\/soriana_3-1024x761.jpg 1024w, https:\/\/www.deltamobleandorra.com\/wp-content\/uploads\/2022\/05\/soriana_3-300x223.jpg 300w, https:\/\/www.deltamobleandorra.com\/wp-content\/uploads\/2022\/05\/soriana_3-768x571.jpg 768w, https:\/\/www.deltamobleandorra.com\/wp-content\/uploads\/2022\/05\/soriana_3-1536x1142.jpg 1536w, https:\/\/www.deltamobleandorra.com\/wp-content\/uploads\/2022\/05\/soriana_3-2048x1523.jpg 2048w, https:\/\/www.deltamobleandorra.com\/wp-content\/uploads\/2022\/05\/soriana_3-848x631.jpg 848w, https:\/\/www.deltamobleandorra.com\/wp-content\/uploads\/2022\/05\/soriana_3-1140x848.jpg 1140w, https:\/\/www.deltamobleandorra.com\/wp-content\/uploads\/2022\/05\/soriana_3-1170x870.jpg 1170w, https:\/\/www.deltamobleandorra.com\/wp-content\/uploads\/2022\/05\/soriana_3-1920x1428.jpg 1920w\" data-sizes=\"(max-width: 848px) 100vw, 848px\" src=\"data:image\/svg+xml;base64,PHN2ZyB3aWR0aD0iMSIgaGVpZ2h0PSIxIiB4bWxucz0iaHR0cDovL3d3dy53My5vcmcvMjAwMC9zdmciPjwvc3ZnPg==\" style=\"--smush-placeholder-width: 848px; --smush-placeholder-aspect-ratio: 848\/630;\" \/><\/em><\/p>\n<p><em>Cassina, la quintaesencia del dise\u00f1o made in Italy<\/em><\/p>\n<p>Afra Bianchin y Tob\u00eda Scarpa son un matrimonio italiano que ha marcado la historia del dise\u00f1o. Tobia Scarpa, hijo del c\u00e9lebre arquitecto Carlo Scarpa, hered\u00f3 de su padre esa obsesi\u00f3n por el trabajo bien hecho y las ganas de rozar la perfecci\u00f3n en todas sus creaciones. Conoci\u00f3 a su esposa estudiando arquitectura en la universidad<em>Iuav<\/em>de arquitectura de Venecia y desde entonces se convirtieron en un t\u00e1ndem inseparable.<\/p>\n<p>Desde que a comienzos de los a\u00f1os sesenta abrieran su propio estudio en Montebelluna, han llevado a cabo creaciones vanguardistas con un estilo personal y \u00fanico. Un toque que les ha convertido en una de las empresas referentes del sector, por su estilo sencillo y a la vez elegante y por su atenci\u00f3n a la forma y funci\u00f3n de los materiales empleados, pensados en crear muebles c\u00f3modos y elegantes que hagan felices a las personas.<\/p>\n<p>Una de sus piezas m\u00e1s emblem\u00e1ticas es el sof\u00e1 Soriana, dise\u00f1ado en 1969 para un concurso que les vali\u00f3 el prestigioso premio de dise\u00f1o industrial <em>Compasso d&#8217;Oro<\/em>en 1970, el m\u00e1s antiguo galard\u00f3n de dise\u00f1o del mundo. Ahora, en colaboraci\u00f3n con el mism\u00edsimo Tobia Scarpa, Cassina ha recuperado esta ic\u00f3nica pieza <em>boho chic<\/em>, objeto de deseo de los interioristas. Manteni\u00e9ndose fiel a su atractiva concepci\u00f3n original, ha perfeccionado sus materiales, que pasan a ser org\u00e1nicos y respetuosos con el medio ambiente, proporcionando, a su vez, un mayor nivel de confort al exitoso dise\u00f1o.<\/p>\n<p>Adem\u00e1s, presenta una novedosa selecci\u00f3n de combinaciones crom\u00e1ticas con tapizados que juegan con texturas de suntuosos tejidos o suaves pieles, fijadas con su caracter\u00edstica abrazadera de metal pintada en diversos colores. Aunque los seguidores m\u00e1s puristas de esta pieza tambi\u00e9n la pueden encontrar con el tirante cromado original. Los pliegues y las curvas sinuosas se enriquecen con pespuntes hechos con gran artesan\u00eda.<\/p>\n<p>Disponible como sill\u00f3n, <em>chaise-longue<\/em>, sof\u00e1 de dos o tres plazas y puf, Soriana a\u00fana comodidad, dise\u00f1o y estilo siendo un mueble a la vez atemporal y m\u00e1s moderno que nunca.<\/p>\n<p><strong>Sof\u00e1 de tres plazas Luxor perla\/Rojo china<br \/>\n<\/strong>Base: Panel de madera reciclable con bajas emisiones de formaldeh\u00eddo. Acolchado interior: microesferas de EPS y fibra de poli\u00e9ster soplada. Tapicer\u00eda: Tela Luxor perla con tirante rojo china. Dimensiones: 250 cm x 105 cm x 71\/42 cm.<br \/>\n<a href=\"https:\/\/www.cassina.com\/it\/en\/products\/soriana-sofa.html\">https:\/\/www.cassina.com\/it\/en\/products\/soriana-sofa<\/a><\/p>\n<p><img decoding=\"async\" class=\"alignnone wp-image-2936 size-large lazyload\" data-src=\"https:\/\/www.deltamobleandorra.com\/wp-content\/uploads\/2022\/05\/cq5dam.thumbnail.2200.2200-1024x683.jpg\" alt=\"\" width=\"848\" height=\"566\" data-srcset=\"https:\/\/www.deltamobleandorra.com\/wp-content\/uploads\/2022\/05\/cq5dam.thumbnail.2200.2200-1024x683.jpg 1024w, https:\/\/www.deltamobleandorra.com\/wp-content\/uploads\/2022\/05\/cq5dam.thumbnail.2200.2200-300x200.jpg 300w, https:\/\/www.deltamobleandorra.com\/wp-content\/uploads\/2022\/05\/cq5dam.thumbnail.2200.2200-768x512.jpg 768w, https:\/\/www.deltamobleandorra.com\/wp-content\/uploads\/2022\/05\/cq5dam.thumbnail.2200.2200-1536x1024.jpg 1536w, https:\/\/www.deltamobleandorra.com\/wp-content\/uploads\/2022\/05\/cq5dam.thumbnail.2200.2200-2048x1366.jpg 2048w, https:\/\/www.deltamobleandorra.com\/wp-content\/uploads\/2022\/05\/cq5dam.thumbnail.2200.2200-848x565.jpg 848w, https:\/\/www.deltamobleandorra.com\/wp-content\/uploads\/2022\/05\/cq5dam.thumbnail.2200.2200-1140x760.jpg 1140w, https:\/\/www.deltamobleandorra.com\/wp-content\/uploads\/2022\/05\/cq5dam.thumbnail.2200.2200-1170x780.jpg 1170w, https:\/\/www.deltamobleandorra.com\/wp-content\/uploads\/2022\/05\/cq5dam.thumbnail.2200.2200-1920x1280.jpg 1920w\" data-sizes=\"(max-width: 848px) 100vw, 848px\" src=\"data:image\/svg+xml;base64,PHN2ZyB3aWR0aD0iMSIgaGVpZ2h0PSIxIiB4bWxucz0iaHR0cDovL3d3dy53My5vcmcvMjAwMC9zdmciPjwvc3ZnPg==\" style=\"--smush-placeholder-width: 848px; --smush-placeholder-aspect-ratio: 848\/566;\" \/><\/p>\n<p><strong>Poltrona chaise longue con tejido azul claro<br \/>\n<\/strong>Base: Panel de madera reciclable con bajas emisiones de formaldeh\u00eddo. Acolchado interior: microesferas de EPS y fibra de poli\u00e9ster soplada. Tapicer\u00eda: Tela Azzurro-francoforte. Tirante en blanco. Dimensiones: 95 x 135 x 71\/42 cm.<em><br \/>\n<\/em><a href=\"https:\/\/www.cassina.com\/it\/en\/products\/soriana-armchair.html?coatingItem=F-F103#944-soriana-armchair_100916\">https:\/\/www.cassina.com\/it\/en\/products\/soriana-armchair<\/a><\/p>\n<p><img decoding=\"async\" class=\"alignnone wp-image-2940 size-large lazyload\" data-src=\"https:\/\/www.deltamobleandorra.com\/wp-content\/uploads\/2022\/05\/Poltrona_chaise_longue--1024x683.jpg\" alt=\"\" width=\"848\" height=\"566\" data-srcset=\"https:\/\/www.deltamobleandorra.com\/wp-content\/uploads\/2022\/05\/Poltrona_chaise_longue--1024x683.jpg 1024w, https:\/\/www.deltamobleandorra.com\/wp-content\/uploads\/2022\/05\/Poltrona_chaise_longue--300x200.jpg 300w, https:\/\/www.deltamobleandorra.com\/wp-content\/uploads\/2022\/05\/Poltrona_chaise_longue--768x512.jpg 768w, https:\/\/www.deltamobleandorra.com\/wp-content\/uploads\/2022\/05\/Poltrona_chaise_longue--1536x1024.jpg 1536w, https:\/\/www.deltamobleandorra.com\/wp-content\/uploads\/2022\/05\/Poltrona_chaise_longue--2048x1366.jpg 2048w, https:\/\/www.deltamobleandorra.com\/wp-content\/uploads\/2022\/05\/Poltrona_chaise_longue--848x565.jpg 848w, https:\/\/www.deltamobleandorra.com\/wp-content\/uploads\/2022\/05\/Poltrona_chaise_longue--1140x760.jpg 1140w, https:\/\/www.deltamobleandorra.com\/wp-content\/uploads\/2022\/05\/Poltrona_chaise_longue--1170x780.jpg 1170w, https:\/\/www.deltamobleandorra.com\/wp-content\/uploads\/2022\/05\/Poltrona_chaise_longue--1920x1280.jpg 1920w\" data-sizes=\"(max-width: 848px) 100vw, 848px\" src=\"data:image\/svg+xml;base64,PHN2ZyB3aWR0aD0iMSIgaGVpZ2h0PSIxIiB4bWxucz0iaHR0cDovL3d3dy53My5vcmcvMjAwMC9zdmciPjwvc3ZnPg==\" style=\"--smush-placeholder-width: 848px; --smush-placeholder-aspect-ratio: 848\/566;\" \/><\/p>\n<p><strong>Sill\u00f3n individual en piel color natural<br \/>\n<\/strong>Base: Panel de madera reciclable con bajas emisiones de formaldeh\u00eddo. Acolchado interior: microesferas de EPS y fibra de poli\u00e9ster soplada. Tapicer\u00eda: Piel color natural. Tirante en negro. Dimensiones: 95x105x71 cm.<br \/>\n<a href=\"https:\/\/www.cassina.com\/it\/en\/products\/soriana-armchair.html?coatingItem=F-F103#944-soriana-armchair_100916\">https:\/\/www.cassina.com\/it\/en\/products\/soriana-armchair<\/a><\/p>\n<p><img decoding=\"async\" class=\"alignnone wp-image-2942 size-large lazyload\" data-src=\"https:\/\/www.deltamobleandorra.com\/wp-content\/uploads\/2022\/05\/soriana_4-768x1024.jpg\" alt=\"\" width=\"768\" height=\"1024\" data-srcset=\"https:\/\/www.deltamobleandorra.com\/wp-content\/uploads\/2022\/05\/soriana_4-768x1024.jpg 768w, https:\/\/www.deltamobleandorra.com\/wp-content\/uploads\/2022\/05\/soriana_4-225x300.jpg 225w, https:\/\/www.deltamobleandorra.com\/wp-content\/uploads\/2022\/05\/soriana_4-1152x1536.jpg 1152w, https:\/\/www.deltamobleandorra.com\/wp-content\/uploads\/2022\/05\/soriana_4-1536x2048.jpg 1536w, https:\/\/www.deltamobleandorra.com\/wp-content\/uploads\/2022\/05\/soriana_4-848x1131.jpg 848w, https:\/\/www.deltamobleandorra.com\/wp-content\/uploads\/2022\/05\/soriana_4-1140x1520.jpg 1140w, https:\/\/www.deltamobleandorra.com\/wp-content\/uploads\/2022\/05\/soriana_4-1170x1560.jpg 1170w, https:\/\/www.deltamobleandorra.com\/wp-content\/uploads\/2022\/05\/soriana_4.jpg 1650w\" data-sizes=\"(max-width: 768px) 100vw, 768px\" src=\"data:image\/svg+xml;base64,PHN2ZyB3aWR0aD0iMSIgaGVpZ2h0PSIxIiB4bWxucz0iaHR0cDovL3d3dy53My5vcmcvMjAwMC9zdmciPjwvc3ZnPg==\" style=\"--smush-placeholder-width: 768px; --smush-placeholder-aspect-ratio: 768\/1024;\" \/><\/p>\n","protected":false},"excerpt":{"rendered":"<p>Cassina, la quintaesencia del dise\u00f1o made in Italy Afra Bianchin y Tob\u00eda Scarpa son un matrimonio italiano que ha marcado la historia del dise\u00f1o. Tobia Scarpa, hijo del c\u00e9lebre arquitecto Carlo Scarpa, hered\u00f3 de su padre esa obsesi\u00f3n por el trabajo bien hecho y las ganas de rozar la perfecci\u00f3n en todas sus creaciones. Conoci\u00f3 [&hellip;]<\/p>\n","protected":false},"author":3,"featured_media":2944,"comment_status":"closed","ping_status":"closed","sticky":false,"template":"","format":"standard","meta":{"_acf_changed":false,"footnotes":""},"categories":[40,53],"tags":[],"class_list":["post-2951","post","type-post","status-publish","format-standard","has-post-thumbnail","hentry","category-butacas","category-sofas-es"],"acf":[],"yoast_head":"<!-- This site is optimized with the Yoast SEO plugin v27.5 - https:\/\/yoast.com\/product\/yoast-seo-wordpress\/ -->\n<title>El ic\u00f3nico sof\u00e1 Soriana, de Cassina, se reinventa - Delta Moble<\/title>\n<meta name=\"robots\" content=\"index, follow, max-snippet:-1, max-image-preview:large, max-video-preview:-1\" \/>\n<link rel=\"canonical\" href=\"https:\/\/www.deltamobleandorra.com\/es\/el-iconico-sofa-soriana-de-cassina-se-reinventa\/\" \/>\n<meta property=\"og:locale\" content=\"es_ES\" \/>\n<meta property=\"og:type\" content=\"article\" \/>\n<meta property=\"og:title\" content=\"El ic\u00f3nico sof\u00e1 Soriana, de Cassina, se reinventa - Delta Moble\" \/>\n<meta property=\"og:description\" content=\"Cassina, la quintaesencia del dise\u00f1o made in Italy Afra Bianchin y Tob\u00eda Scarpa son un matrimonio italiano que ha marcado la historia del dise\u00f1o. Tobia Scarpa, hijo del c\u00e9lebre arquitecto Carlo Scarpa, hered\u00f3 de su padre esa obsesi\u00f3n por el trabajo bien hecho y las ganas de rozar la perfecci\u00f3n en todas sus creaciones. Conoci\u00f3 [&hellip;]\" \/>\n<meta property=\"og:url\" content=\"https:\/\/www.deltamobleandorra.com\/es\/el-iconico-sofa-soriana-de-cassina-se-reinventa\/\" \/>\n<meta property=\"og:site_name\" content=\"Delta Moble\" \/>\n<meta property=\"article:publisher\" content=\"https:\/\/www.facebook.com\/deltamoble.and\/\" \/>\n<meta property=\"article:published_time\" content=\"2022-05-19T12:45:41+00:00\" \/>\n<meta property=\"og:image\" content=\"https:\/\/www.deltamobleandorra.com\/wp-content\/uploads\/2022\/05\/soriana_3.jpg\" \/>\n\t<meta property=\"og:image:width\" content=\"2200\" \/>\n\t<meta property=\"og:image:height\" content=\"1636\" \/>\n\t<meta property=\"og:image:type\" content=\"image\/jpeg\" \/>\n<meta name=\"author\" content=\"WOW Comunicacio\" \/>\n<meta name=\"twitter:card\" content=\"summary_large_image\" \/>\n<meta name=\"twitter:label1\" content=\"Escrito por\" \/>\n\t<meta name=\"twitter:data1\" content=\"WOW Comunicacio\" \/>\n\t<meta name=\"twitter:label2\" content=\"Tiempo de lectura\" \/>\n\t<meta name=\"twitter:data2\" content=\"3 minutos\" \/>\n<script type=\"application\/ld+json\" class=\"yoast-schema-graph\">{\"@context\":\"https:\\\/\\\/schema.org\",\"@graph\":[{\"@type\":\"Article\",\"@id\":\"https:\\\/\\\/www.deltamobleandorra.com\\\/es\\\/el-iconico-sofa-soriana-de-cassina-se-reinventa\\\/#article\",\"isPartOf\":{\"@id\":\"https:\\\/\\\/www.deltamobleandorra.com\\\/es\\\/el-iconico-sofa-soriana-de-cassina-se-reinventa\\\/\"},\"author\":{\"name\":\"WOW Comunicacio\",\"@id\":\"https:\\\/\\\/www.deltamobleandorra.com\\\/es\\\/#\\\/schema\\\/person\\\/f1601463085417d0e8b6e8a7f5aa0b6f\"},\"headline\":\"El ic\u00f3nico sof\u00e1 Soriana, de Cassina, se reinventa\",\"datePublished\":\"2022-05-19T12:45:41+00:00\",\"mainEntityOfPage\":{\"@id\":\"https:\\\/\\\/www.deltamobleandorra.com\\\/es\\\/el-iconico-sofa-soriana-de-cassina-se-reinventa\\\/\"},\"wordCount\":528,\"publisher\":{\"@id\":\"https:\\\/\\\/www.deltamobleandorra.com\\\/es\\\/#organization\"},\"image\":{\"@id\":\"https:\\\/\\\/www.deltamobleandorra.com\\\/es\\\/el-iconico-sofa-soriana-de-cassina-se-reinventa\\\/#primaryimage\"},\"thumbnailUrl\":\"https:\\\/\\\/www.deltamobleandorra.com\\\/wp-content\\\/uploads\\\/2022\\\/05\\\/soriana_3.jpg\",\"articleSection\":[\"Butacas\",\"Sof\u00e0s\"],\"inLanguage\":\"es\"},{\"@type\":\"WebPage\",\"@id\":\"https:\\\/\\\/www.deltamobleandorra.com\\\/es\\\/el-iconico-sofa-soriana-de-cassina-se-reinventa\\\/\",\"url\":\"https:\\\/\\\/www.deltamobleandorra.com\\\/es\\\/el-iconico-sofa-soriana-de-cassina-se-reinventa\\\/\",\"name\":\"El ic\u00f3nico sof\u00e1 Soriana, de Cassina, se reinventa - Delta Moble\",\"isPartOf\":{\"@id\":\"https:\\\/\\\/www.deltamobleandorra.com\\\/es\\\/#website\"},\"primaryImageOfPage\":{\"@id\":\"https:\\\/\\\/www.deltamobleandorra.com\\\/es\\\/el-iconico-sofa-soriana-de-cassina-se-reinventa\\\/#primaryimage\"},\"image\":{\"@id\":\"https:\\\/\\\/www.deltamobleandorra.com\\\/es\\\/el-iconico-sofa-soriana-de-cassina-se-reinventa\\\/#primaryimage\"},\"thumbnailUrl\":\"https:\\\/\\\/www.deltamobleandorra.com\\\/wp-content\\\/uploads\\\/2022\\\/05\\\/soriana_3.jpg\",\"datePublished\":\"2022-05-19T12:45:41+00:00\",\"breadcrumb\":{\"@id\":\"https:\\\/\\\/www.deltamobleandorra.com\\\/es\\\/el-iconico-sofa-soriana-de-cassina-se-reinventa\\\/#breadcrumb\"},\"inLanguage\":\"es\",\"potentialAction\":[{\"@type\":\"ReadAction\",\"target\":[\"https:\\\/\\\/www.deltamobleandorra.com\\\/es\\\/el-iconico-sofa-soriana-de-cassina-se-reinventa\\\/\"]}]},{\"@type\":\"ImageObject\",\"inLanguage\":\"es\",\"@id\":\"https:\\\/\\\/www.deltamobleandorra.com\\\/es\\\/el-iconico-sofa-soriana-de-cassina-se-reinventa\\\/#primaryimage\",\"url\":\"https:\\\/\\\/www.deltamobleandorra.com\\\/wp-content\\\/uploads\\\/2022\\\/05\\\/soriana_3.jpg\",\"contentUrl\":\"https:\\\/\\\/www.deltamobleandorra.com\\\/wp-content\\\/uploads\\\/2022\\\/05\\\/soriana_3.jpg\",\"width\":2200,\"height\":1636},{\"@type\":\"BreadcrumbList\",\"@id\":\"https:\\\/\\\/www.deltamobleandorra.com\\\/es\\\/el-iconico-sofa-soriana-de-cassina-se-reinventa\\\/#breadcrumb\",\"itemListElement\":[{\"@type\":\"ListItem\",\"position\":1,\"name\":\"Home\",\"item\":\"https:\\\/\\\/www.deltamobleandorra.com\\\/es\\\/\"},{\"@type\":\"ListItem\",\"position\":2,\"name\":\"El ic\u00f3nico sof\u00e1 Soriana, de Cassina, se reinventa\"}]},{\"@type\":\"WebSite\",\"@id\":\"https:\\\/\\\/www.deltamobleandorra.com\\\/es\\\/#website\",\"url\":\"https:\\\/\\\/www.deltamobleandorra.com\\\/es\\\/\",\"name\":\"Delta Moble\",\"description\":\"Disseny, Innovaci\u00f3 i Modernitat - Escaldes-Engordany, Andorra\",\"publisher\":{\"@id\":\"https:\\\/\\\/www.deltamobleandorra.com\\\/es\\\/#organization\"},\"potentialAction\":[{\"@type\":\"SearchAction\",\"target\":{\"@type\":\"EntryPoint\",\"urlTemplate\":\"https:\\\/\\\/www.deltamobleandorra.com\\\/es\\\/?s={search_term_string}\"},\"query-input\":{\"@type\":\"PropertyValueSpecification\",\"valueRequired\":true,\"valueName\":\"search_term_string\"}}],\"inLanguage\":\"es\"},{\"@type\":\"Organization\",\"@id\":\"https:\\\/\\\/www.deltamobleandorra.com\\\/es\\\/#organization\",\"name\":\"Delta Moble\",\"url\":\"https:\\\/\\\/www.deltamobleandorra.com\\\/es\\\/\",\"logo\":{\"@type\":\"ImageObject\",\"inLanguage\":\"es\",\"@id\":\"https:\\\/\\\/www.deltamobleandorra.com\\\/es\\\/#\\\/schema\\\/logo\\\/image\\\/\",\"url\":\"http:\\\/\\\/www.deltamobleandorra.com\\\/wp-content\\\/uploads\\\/2021\\\/11\\\/Delta-Moble-Brand-Dark-1X.png\",\"contentUrl\":\"http:\\\/\\\/www.deltamobleandorra.com\\\/wp-content\\\/uploads\\\/2021\\\/11\\\/Delta-Moble-Brand-Dark-1X.png\",\"width\":189,\"height\":30,\"caption\":\"Delta Moble\"},\"image\":{\"@id\":\"https:\\\/\\\/www.deltamobleandorra.com\\\/es\\\/#\\\/schema\\\/logo\\\/image\\\/\"},\"sameAs\":[\"https:\\\/\\\/www.facebook.com\\\/deltamoble.and\\\/\",\"https:\\\/\\\/www.instagram.com\\\/deltamoble\"]},{\"@type\":\"Person\",\"@id\":\"https:\\\/\\\/www.deltamobleandorra.com\\\/es\\\/#\\\/schema\\\/person\\\/f1601463085417d0e8b6e8a7f5aa0b6f\",\"name\":\"WOW Comunicacio\",\"image\":{\"@type\":\"ImageObject\",\"inLanguage\":\"es\",\"@id\":\"https:\\\/\\\/secure.gravatar.com\\\/avatar\\\/00766d30a5e634cf432c225ebae13efad1d88f9e4834f83b636d05c90ec6b276?s=96&d=mm&r=g\",\"url\":\"https:\\\/\\\/secure.gravatar.com\\\/avatar\\\/00766d30a5e634cf432c225ebae13efad1d88f9e4834f83b636d05c90ec6b276?s=96&d=mm&r=g\",\"contentUrl\":\"https:\\\/\\\/secure.gravatar.com\\\/avatar\\\/00766d30a5e634cf432c225ebae13efad1d88f9e4834f83b636d05c90ec6b276?s=96&d=mm&r=g\",\"caption\":\"WOW Comunicacio\"},\"sameAs\":[\"http:\\\/\\\/www.wowcomunicacio.com\"]}]}<\/script>\n<!-- \/ Yoast SEO plugin. -->","yoast_head_json":{"title":"El ic\u00f3nico sof\u00e1 Soriana, de Cassina, se reinventa - Delta Moble","robots":{"index":"index","follow":"follow","max-snippet":"max-snippet:-1","max-image-preview":"max-image-preview:large","max-video-preview":"max-video-preview:-1"},"canonical":"https:\/\/www.deltamobleandorra.com\/es\/el-iconico-sofa-soriana-de-cassina-se-reinventa\/","og_locale":"es_ES","og_type":"article","og_title":"El ic\u00f3nico sof\u00e1 Soriana, de Cassina, se reinventa - Delta Moble","og_description":"Cassina, la quintaesencia del dise\u00f1o made in Italy Afra Bianchin y Tob\u00eda Scarpa son un matrimonio italiano que ha marcado la historia del dise\u00f1o. Tobia Scarpa, hijo del c\u00e9lebre arquitecto Carlo Scarpa, hered\u00f3 de su padre esa obsesi\u00f3n por el trabajo bien hecho y las ganas de rozar la perfecci\u00f3n en todas sus creaciones. Conoci\u00f3 [&hellip;]","og_url":"https:\/\/www.deltamobleandorra.com\/es\/el-iconico-sofa-soriana-de-cassina-se-reinventa\/","og_site_name":"Delta Moble","article_publisher":"https:\/\/www.facebook.com\/deltamoble.and\/","article_published_time":"2022-05-19T12:45:41+00:00","og_image":[{"width":2200,"height":1636,"url":"https:\/\/www.deltamobleandorra.com\/wp-content\/uploads\/2022\/05\/soriana_3.jpg","type":"image\/jpeg"}],"author":"WOW Comunicacio","twitter_card":"summary_large_image","twitter_misc":{"Escrito por":"WOW Comunicacio","Tiempo de lectura":"3 minutos"},"schema":{"@context":"https:\/\/schema.org","@graph":[{"@type":"Article","@id":"https:\/\/www.deltamobleandorra.com\/es\/el-iconico-sofa-soriana-de-cassina-se-reinventa\/#article","isPartOf":{"@id":"https:\/\/www.deltamobleandorra.com\/es\/el-iconico-sofa-soriana-de-cassina-se-reinventa\/"},"author":{"name":"WOW Comunicacio","@id":"https:\/\/www.deltamobleandorra.com\/es\/#\/schema\/person\/f1601463085417d0e8b6e8a7f5aa0b6f"},"headline":"El ic\u00f3nico sof\u00e1 Soriana, de Cassina, se reinventa","datePublished":"2022-05-19T12:45:41+00:00","mainEntityOfPage":{"@id":"https:\/\/www.deltamobleandorra.com\/es\/el-iconico-sofa-soriana-de-cassina-se-reinventa\/"},"wordCount":528,"publisher":{"@id":"https:\/\/www.deltamobleandorra.com\/es\/#organization"},"image":{"@id":"https:\/\/www.deltamobleandorra.com\/es\/el-iconico-sofa-soriana-de-cassina-se-reinventa\/#primaryimage"},"thumbnailUrl":"https:\/\/www.deltamobleandorra.com\/wp-content\/uploads\/2022\/05\/soriana_3.jpg","articleSection":["Butacas","Sof\u00e0s"],"inLanguage":"es"},{"@type":"WebPage","@id":"https:\/\/www.deltamobleandorra.com\/es\/el-iconico-sofa-soriana-de-cassina-se-reinventa\/","url":"https:\/\/www.deltamobleandorra.com\/es\/el-iconico-sofa-soriana-de-cassina-se-reinventa\/","name":"El ic\u00f3nico sof\u00e1 Soriana, de Cassina, se reinventa - Delta Moble","isPartOf":{"@id":"https:\/\/www.deltamobleandorra.com\/es\/#website"},"primaryImageOfPage":{"@id":"https:\/\/www.deltamobleandorra.com\/es\/el-iconico-sofa-soriana-de-cassina-se-reinventa\/#primaryimage"},"image":{"@id":"https:\/\/www.deltamobleandorra.com\/es\/el-iconico-sofa-soriana-de-cassina-se-reinventa\/#primaryimage"},"thumbnailUrl":"https:\/\/www.deltamobleandorra.com\/wp-content\/uploads\/2022\/05\/soriana_3.jpg","datePublished":"2022-05-19T12:45:41+00:00","breadcrumb":{"@id":"https:\/\/www.deltamobleandorra.com\/es\/el-iconico-sofa-soriana-de-cassina-se-reinventa\/#breadcrumb"},"inLanguage":"es","potentialAction":[{"@type":"ReadAction","target":["https:\/\/www.deltamobleandorra.com\/es\/el-iconico-sofa-soriana-de-cassina-se-reinventa\/"]}]},{"@type":"ImageObject","inLanguage":"es","@id":"https:\/\/www.deltamobleandorra.com\/es\/el-iconico-sofa-soriana-de-cassina-se-reinventa\/#primaryimage","url":"https:\/\/www.deltamobleandorra.com\/wp-content\/uploads\/2022\/05\/soriana_3.jpg","contentUrl":"https:\/\/www.deltamobleandorra.com\/wp-content\/uploads\/2022\/05\/soriana_3.jpg","width":2200,"height":1636},{"@type":"BreadcrumbList","@id":"https:\/\/www.deltamobleandorra.com\/es\/el-iconico-sofa-soriana-de-cassina-se-reinventa\/#breadcrumb","itemListElement":[{"@type":"ListItem","position":1,"name":"Home","item":"https:\/\/www.deltamobleandorra.com\/es\/"},{"@type":"ListItem","position":2,"name":"El ic\u00f3nico sof\u00e1 Soriana, de Cassina, se reinventa"}]},{"@type":"WebSite","@id":"https:\/\/www.deltamobleandorra.com\/es\/#website","url":"https:\/\/www.deltamobleandorra.com\/es\/","name":"Delta Moble","description":"Disseny, Innovaci\u00f3 i Modernitat - Escaldes-Engordany, Andorra","publisher":{"@id":"https:\/\/www.deltamobleandorra.com\/es\/#organization"},"potentialAction":[{"@type":"SearchAction","target":{"@type":"EntryPoint","urlTemplate":"https:\/\/www.deltamobleandorra.com\/es\/?s={search_term_string}"},"query-input":{"@type":"PropertyValueSpecification","valueRequired":true,"valueName":"search_term_string"}}],"inLanguage":"es"},{"@type":"Organization","@id":"https:\/\/www.deltamobleandorra.com\/es\/#organization","name":"Delta Moble","url":"https:\/\/www.deltamobleandorra.com\/es\/","logo":{"@type":"ImageObject","inLanguage":"es","@id":"https:\/\/www.deltamobleandorra.com\/es\/#\/schema\/logo\/image\/","url":"https:\/\/www.deltamobleandorra.com\/wp-content\/uploads\/2021\/11\/Delta-Moble-Brand-Dark-1X.png","contentUrl":"https:\/\/www.deltamobleandorra.com\/wp-content\/uploads\/2021\/11\/Delta-Moble-Brand-Dark-1X.png","width":189,"height":30,"caption":"Delta Moble"},"image":{"@id":"https:\/\/www.deltamobleandorra.com\/es\/#\/schema\/logo\/image\/"},"sameAs":["https:\/\/www.facebook.com\/deltamoble.and\/","https:\/\/www.instagram.com\/deltamoble"]},{"@type":"Person","@id":"https:\/\/www.deltamobleandorra.com\/es\/#\/schema\/person\/f1601463085417d0e8b6e8a7f5aa0b6f","name":"WOW Comunicacio","image":{"@type":"ImageObject","inLanguage":"es","@id":"https:\/\/secure.gravatar.com\/avatar\/00766d30a5e634cf432c225ebae13efad1d88f9e4834f83b636d05c90ec6b276?s=96&d=mm&r=g","url":"https:\/\/secure.gravatar.com\/avatar\/00766d30a5e634cf432c225ebae13efad1d88f9e4834f83b636d05c90ec6b276?s=96&d=mm&r=g","contentUrl":"https:\/\/secure.gravatar.com\/avatar\/00766d30a5e634cf432c225ebae13efad1d88f9e4834f83b636d05c90ec6b276?s=96&d=mm&r=g","caption":"WOW Comunicacio"},"sameAs":["http:\/\/www.wowcomunicacio.com"]}]}},"_links":{"self":[{"href":"https:\/\/www.deltamobleandorra.com\/es\/wp-json\/wp\/v2\/posts\/2951","targetHints":{"allow":["GET"]}}],"collection":[{"href":"https:\/\/www.deltamobleandorra.com\/es\/wp-json\/wp\/v2\/posts"}],"about":[{"href":"https:\/\/www.deltamobleandorra.com\/es\/wp-json\/wp\/v2\/types\/post"}],"author":[{"embeddable":true,"href":"https:\/\/www.deltamobleandorra.com\/es\/wp-json\/wp\/v2\/users\/3"}],"replies":[{"embeddable":true,"href":"https:\/\/www.deltamobleandorra.com\/es\/wp-json\/wp\/v2\/comments?post=2951"}],"version-history":[{"count":0,"href":"https:\/\/www.deltamobleandorra.com\/es\/wp-json\/wp\/v2\/posts\/2951\/revisions"}],"wp:featuredmedia":[{"embeddable":true,"href":"https:\/\/www.deltamobleandorra.com\/es\/wp-json\/wp\/v2\/media\/2944"}],"wp:attachment":[{"href":"https:\/\/www.deltamobleandorra.com\/es\/wp-json\/wp\/v2\/media?parent=2951"}],"wp:term":[{"taxonomy":"category","embeddable":true,"href":"https:\/\/www.deltamobleandorra.com\/es\/wp-json\/wp\/v2\/categories?post=2951"},{"taxonomy":"post_tag","embeddable":true,"href":"https:\/\/www.deltamobleandorra.com\/es\/wp-json\/wp\/v2\/tags?post=2951"}],"curies":[{"name":"wp","href":"https:\/\/api.w.org\/{rel}","templated":true}]}}