{"id":2971,"date":"2022-05-19T15:25:54","date_gmt":"2022-05-19T13:25:54","guid":{"rendered":"https:\/\/www.deltamobleandorra.com\/valencia-ciudad-del-diseno\/"},"modified":"2022-05-19T15:25:54","modified_gmt":"2022-05-19T13:25:54","slug":"valencia-ciudad-del-diseno","status":"publish","type":"post","link":"https:\/\/www.deltamobleandorra.com\/es\/valencia-ciudad-del-diseno\/","title":{"rendered":"Valencia, ciudad del dise\u00f1o"},"content":{"rendered":"<p><img decoding=\"async\" class=\"alignnone wp-image-2963 size-large lazyload\" data-src=\"https:\/\/www.deltamobleandorra.com\/wp-content\/uploads\/2022\/05\/valencia_disseny-1024x753.jpg\" alt=\"\" width=\"848\" height=\"624\" data-srcset=\"https:\/\/www.deltamobleandorra.com\/wp-content\/uploads\/2022\/05\/valencia_disseny-1024x753.jpg 1024w, https:\/\/www.deltamobleandorra.com\/wp-content\/uploads\/2022\/05\/valencia_disseny-300x221.jpg 300w, https:\/\/www.deltamobleandorra.com\/wp-content\/uploads\/2022\/05\/valencia_disseny-768x565.jpg 768w, https:\/\/www.deltamobleandorra.com\/wp-content\/uploads\/2022\/05\/valencia_disseny-1536x1130.jpg 1536w, https:\/\/www.deltamobleandorra.com\/wp-content\/uploads\/2022\/05\/valencia_disseny-848x624.jpg 848w, https:\/\/www.deltamobleandorra.com\/wp-content\/uploads\/2022\/05\/valencia_disseny-1140x839.jpg 1140w, https:\/\/www.deltamobleandorra.com\/wp-content\/uploads\/2022\/05\/valencia_disseny-1170x861.jpg 1170w, https:\/\/www.deltamobleandorra.com\/wp-content\/uploads\/2022\/05\/valencia_disseny.jpg 1600w\" data-sizes=\"(max-width: 848px) 100vw, 848px\" src=\"data:image\/svg+xml;base64,PHN2ZyB3aWR0aD0iMSIgaGVpZ2h0PSIxIiB4bWxucz0iaHR0cDovL3d3dy53My5vcmcvMjAwMC9zdmciPjwvc3ZnPg==\" style=\"--smush-placeholder-width: 848px; --smush-placeholder-aspect-ratio: 848\/624;\" \/><\/p>\n<p>Valencia, como dice su conocido himno, es la tierra de las flores, de la luz y del color\u2026 y ahora, tambi\u00e9n es la primera ciudad espa\u00f1ola en convertirse en la capital mundial del dise\u00f1o durante todo el a\u00f1o 2022. Flamante distinci\u00f3n que comparte con otras capitales que fueron designadas en a\u00f1os anteriores, como Tur\u00edn, Se\u00fal, Helsinki, Ciudad del Cabo, Taip\u00e9i o Lille y que supone una oportunidad fabulosa para promover el dise\u00f1o espa\u00f1ol a nivel internacional y, sobre todo, el valenciano, que se convertir\u00e1 en un referente mundial.<\/p>\n<p>El dise\u00f1o en la capital del Turia, muy ligado al Mediterr\u00e1neo, tiene una trayectoria centenaria y no ha dejado de evolucionar. La cultura y creatividad de esta ciudad se respira por las calles y ha visto nacer a importantes profesionales de las disciplinas ligadas al dise\u00f1o, desde la arquitectura, al interiorismo, las artes decorativas o la ilustraci\u00f3n. Un territorio que a lo largo de su historia ha impulsado numerosas innovaciones en las industrias de las artes gr\u00e1ficas, la cer\u00e1mica \u2013no olvidemos que en Valencia naci\u00f3 el mosaico Nolla, s\u00edmbolo de distinci\u00f3n de los hogares burgueses durante el Modernismo\u2013, la seda, el sector textil o el mueble. De hecho el dise\u00f1o es uno de los motores econ\u00f3micos de la Comunidad y, en el caso del mobiliario, es una de las principales exportadoras al extranjero.<\/p>\n<p>Con motivo de tan distinguida proclamaci\u00f3n, Valencia ser\u00e1 el escenario de centenares de eventos que impulsar\u00e1n el valor cultural del dise\u00f1o as\u00ed como su papel como herramienta de transformaci\u00f3n social, cultural, medioambiental y, por descontado, econ\u00f3mica. Exposiciones, festivales, simposios, congresos, talleres y conferencias de reconocidos profesionales se concentrar\u00e1n a lo largo de todo el a\u00f1o y convertir\u00e1n la ciudad en un hervidero de creatividad, por el que se espera que pasen miles de dise\u00f1adores, arquitectos, urbanistas, ilustradores y artistas, creadores de gustos y tendencias. Talento en estado puro al servicio de mejorar la vida de la gente.<\/p>\n<p>En Delta Moble el dise\u00f1o valenciano nos encanta y contamos con algunas marcas que hacen las delicias de nuestros clientes.<\/p>\n<p>Una de nuestras favoritas es <strong>Andreu World<\/strong>, empresa familiar especializada en crear innovadores asientos y mesas en colaboraci\u00f3n con los mejores dise\u00f1adores, e \u00edntimamente ligada a la naturaleza. La madera es su se\u00f1a de identidad, que entiende, adem\u00e1s, como un estilo de vida: \u00abEn nuestro origen est\u00e1 la madera, y no solo como materia \u00fanica, c\u00e1lida y noble; madera tambi\u00e9n es una actitud de trabajo, una relaci\u00f3n con el mundo\u00bb. En su trabajo armonizan m\u00e9todos artesanales con novedosos procesos tecnol\u00f3gicos, en aras de la b\u00fasqueda constante de la calidad y la excelencia, siempre desde la sostenibilidad, uno de sus principales valores, junto con el amor al detalle, la excelencia y el buen dise\u00f1o.<\/p>\n<p>Tambi\u00e9n nos vuelven locos los dise\u00f1os de <strong>Gand\u00eda Blasco<\/strong>, empresa familiar especializada en el dise\u00f1o y fabricaci\u00f3n de mobiliario para exterior y alfombras. Su estilo inconfundible, vinculado a sus ra\u00edces mediterr\u00e1neas, se refleja en sus dise\u00f1os racionales y depurados de l\u00edneas rectas y suaves, elaborados con materiales de alta calidad que crean una atm\u00f3sfera \u00fanica de <em>joie de vivre<\/em>, de pasi\u00f3n por la vida en el exterior. Sus valores tambi\u00e9n est\u00e1n asociados a la innovaci\u00f3n, la calidad y la sostenibilidad y para ello tambi\u00e9n colaboran con reputados dise\u00f1adores en aras de conseguir la m\u00e1xima exclusividad y diferenciaci\u00f3n en sus productos: \u00abPonemos todo nuestro esfuerzo en el valor cultural del dise\u00f1o y su herencia e impacto sobre las generaciones futuras, por ello, solo utilizamos materiales que cumplan un alto grado de excelencia y comportamiento frente al tiempo\u00bb.<\/p>\n<p><strong>Viccarbe<\/strong> es otra empresa apasionada por el dise\u00f1o que nos entusiasma. Tambi\u00e9n vinculada a un estilo de vida mediterr\u00e1neo, su proyecto nace de un sue\u00f1o compartido y una historia basada en la amistad, la humildad por aprender y la admiraci\u00f3n hacia la industria del mueble. Colaboran con reconocidos dise\u00f1adores que crean dise\u00f1os vanguardistas, c\u00f3modos y atemporales, prestando una gran atenci\u00f3n por los detalles y por alcanzar la m\u00e1xima calidad, con el amor por el dise\u00f1o como herramienta diferenciadora.<\/p>\n<p>Veamos algunos maravillosos ejemplos\u2026<\/p>\n<p><strong>Taburete Last Minute de Viccarbe by Patricia Urquiola<br \/>\n<\/strong>El taburete Last Minute es uno de los best-seller de la colecci\u00f3n de mobiliario colaborativo de Viccarbe. Su dise\u00f1o vers\u00e1til y singular se escapa de tendencias pasajeras y es el complemento decorativo ideal para los espacios de trabajo, pero tambi\u00e9n para cocinas, hoteles o restaurantes. Disponible en tres alturas y en un sinf\u00edn de acabados para adaptarse a cualquier espacio.<br \/>\n<a href=\"https:\/\/www.viccarbe.com\/es\/taburetes\/taburete-last-minute\/\">https:\/\/www.viccarbe.com<\/a><\/p>\n<p><img decoding=\"async\" class=\"alignnone wp-image-2956 size-large lazyload\" data-src=\"https:\/\/www.deltamobleandorra.com\/wp-content\/uploads\/2022\/05\/Viccarbe-Last-Minute-Stool-by-Patricia-Urquiola-3-1024x539.jpg\" alt=\"\" width=\"848\" height=\"446\" data-srcset=\"https:\/\/www.deltamobleandorra.com\/wp-content\/uploads\/2022\/05\/Viccarbe-Last-Minute-Stool-by-Patricia-Urquiola-3-1024x539.jpg 1024w, https:\/\/www.deltamobleandorra.com\/wp-content\/uploads\/2022\/05\/Viccarbe-Last-Minute-Stool-by-Patricia-Urquiola-3-300x158.jpg 300w, https:\/\/www.deltamobleandorra.com\/wp-content\/uploads\/2022\/05\/Viccarbe-Last-Minute-Stool-by-Patricia-Urquiola-3-768x404.jpg 768w, https:\/\/www.deltamobleandorra.com\/wp-content\/uploads\/2022\/05\/Viccarbe-Last-Minute-Stool-by-Patricia-Urquiola-3-848x446.jpg 848w, https:\/\/www.deltamobleandorra.com\/wp-content\/uploads\/2022\/05\/Viccarbe-Last-Minute-Stool-by-Patricia-Urquiola-3.jpg 1140w\" data-sizes=\"(max-width: 848px) 100vw, 848px\" src=\"data:image\/svg+xml;base64,PHN2ZyB3aWR0aD0iMSIgaGVpZ2h0PSIxIiB4bWxucz0iaHR0cDovL3d3dy53My5vcmcvMjAwMC9zdmciPjwvc3ZnPg==\" style=\"--smush-placeholder-width: 848px; --smush-placeholder-aspect-ratio: 848\/446;\" \/><\/p>\n<p><strong>Sof\u00e1 Giro Soft de Andreu World by Alfredo H\u00e4berlii<br \/>\n<\/strong>Giro Soft es un sistema modular de sof\u00e1s que permite el aprovechamiento eficiente de los espacios, aportando un car\u00e1cter org\u00e1nico y confortable a cualquier entorno. Est\u00e1 construido sobre una original base arquitect\u00f3nica con pies de madera maciza de fresno en forma de trineo o tambi\u00e9n puede presentar una estructura de aluminio inyectado. Simplicidad, belleza y dise\u00f1o al servicio del confort.<br \/>\n<a href=\"https:\/\/andreuworld.com\/es\/productos\/giro-soft-sf0299\">https:\/\/andreuworld.com<\/a><\/p>\n<p><img decoding=\"async\" class=\"alignnone wp-image-2959 size-large lazyload\" data-src=\"https:\/\/www.deltamobleandorra.com\/wp-content\/uploads\/2022\/05\/giro_soft-1024x1024.jpg\" alt=\"\" width=\"848\" height=\"848\" data-srcset=\"https:\/\/www.deltamobleandorra.com\/wp-content\/uploads\/2022\/05\/giro_soft-1024x1024.jpg 1024w, https:\/\/www.deltamobleandorra.com\/wp-content\/uploads\/2022\/05\/giro_soft-300x300.jpg 300w, https:\/\/www.deltamobleandorra.com\/wp-content\/uploads\/2022\/05\/giro_soft-768x768.jpg 768w, https:\/\/www.deltamobleandorra.com\/wp-content\/uploads\/2022\/05\/giro_soft-848x848.jpg 848w, https:\/\/www.deltamobleandorra.com\/wp-content\/uploads\/2022\/05\/giro_soft-1140x1140.jpg 1140w, https:\/\/www.deltamobleandorra.com\/wp-content\/uploads\/2022\/05\/giro_soft-1170x1170.jpg 1170w, https:\/\/www.deltamobleandorra.com\/wp-content\/uploads\/2022\/05\/giro_soft.jpg 1200w\" data-sizes=\"(max-width: 848px) 100vw, 848px\" src=\"data:image\/svg+xml;base64,PHN2ZyB3aWR0aD0iMSIgaGVpZ2h0PSIxIiB4bWxucz0iaHR0cDovL3d3dy53My5vcmcvMjAwMC9zdmciPjwvc3ZnPg==\" style=\"--smush-placeholder-width: 848px; --smush-placeholder-aspect-ratio: 848\/848;\" \/><\/p>\n<p><strong>Mesas de la colecci\u00f3n GB Modular de Gand\u00eda Blasco by Jos\u00e9 A. Gand\u00eda-Blasco Canales<br \/>\n<\/strong>Estas mesas de l\u00edneas sencillas, depuradas y elegantes est\u00e1n pensadas tanto para espacios interiores como exteriores. A partir de una perfiler\u00eda de aluminio anodizado y su uni\u00f3n en machihembrado realizada mediante un proceso manual que oculta las juntas, GB MODULAR es la colecci\u00f3n de muebles perfecta para quienes quieran dar forma a cualquier entorno, desde oficinas y espacios de trabajo hasta acogedores ambientes donde disfrutar de reuniones de amigos al aire libre.<br \/>\n<a href=\"https:\/\/www.gandiablasco.com\/producto\/mesa-alta-210-gb-modular\/\">https:\/\/www.gandiablasco.com<\/a><\/p>\n<p><img decoding=\"async\" class=\"alignnone wp-image-2961 size-large lazyload\" data-src=\"https:\/\/www.deltamobleandorra.com\/wp-content\/uploads\/2022\/05\/Gandia_blasco-1024x577.png\" alt=\"\" width=\"848\" height=\"478\" data-srcset=\"https:\/\/www.deltamobleandorra.com\/wp-content\/uploads\/2022\/05\/Gandia_blasco-1024x577.png 1024w, https:\/\/www.deltamobleandorra.com\/wp-content\/uploads\/2022\/05\/Gandia_blasco-300x169.png 300w, https:\/\/www.deltamobleandorra.com\/wp-content\/uploads\/2022\/05\/Gandia_blasco-768x433.png 768w, https:\/\/www.deltamobleandorra.com\/wp-content\/uploads\/2022\/05\/Gandia_blasco-848x478.png 848w, https:\/\/www.deltamobleandorra.com\/wp-content\/uploads\/2022\/05\/Gandia_blasco-1140x643.png 1140w, https:\/\/www.deltamobleandorra.com\/wp-content\/uploads\/2022\/05\/Gandia_blasco-1170x660.png 1170w, https:\/\/www.deltamobleandorra.com\/wp-content\/uploads\/2022\/05\/Gandia_blasco.png 1275w\" data-sizes=\"(max-width: 848px) 100vw, 848px\" src=\"data:image\/svg+xml;base64,PHN2ZyB3aWR0aD0iMSIgaGVpZ2h0PSIxIiB4bWxucz0iaHR0cDovL3d3dy53My5vcmcvMjAwMC9zdmciPjwvc3ZnPg==\" style=\"--smush-placeholder-width: 848px; --smush-placeholder-aspect-ratio: 848\/478;\" \/><\/p>\n","protected":false},"excerpt":{"rendered":"<p>Valencia, como dice su conocido himno, es la tierra de las flores, de la luz y del color\u2026 y ahora, tambi\u00e9n es la primera ciudad espa\u00f1ola en convertirse en la capital mundial del dise\u00f1o durante todo el a\u00f1o 2022. Flamante distinci\u00f3n que comparte con otras capitales que fueron designadas en a\u00f1os anteriores, como Tur\u00edn, Se\u00fal, [&hellip;]<\/p>\n","protected":false},"author":3,"featured_media":2963,"comment_status":"closed","ping_status":"closed","sticky":false,"template":"","format":"standard","meta":{"_acf_changed":false,"footnotes":""},"categories":[50,41,28,53],"tags":[],"class_list":["post-2971","post","type-post","status-publish","format-standard","has-post-thumbnail","hentry","category-mesas","category-sillas","category-sin-categorizar","category-sofas-es"],"acf":[],"yoast_head":"<!-- This site is optimized with the Yoast SEO plugin v27.5 - https:\/\/yoast.com\/product\/yoast-seo-wordpress\/ -->\n<title>Valencia, ciudad del dise\u00f1o - Delta Moble<\/title>\n<meta name=\"robots\" content=\"index, follow, max-snippet:-1, max-image-preview:large, max-video-preview:-1\" \/>\n<link rel=\"canonical\" href=\"https:\/\/www.deltamobleandorra.com\/es\/valencia-ciudad-del-diseno\/\" \/>\n<meta property=\"og:locale\" content=\"es_ES\" \/>\n<meta property=\"og:type\" content=\"article\" \/>\n<meta property=\"og:title\" content=\"Valencia, ciudad del dise\u00f1o - Delta Moble\" \/>\n<meta property=\"og:description\" content=\"Valencia, como dice su conocido himno, es la tierra de las flores, de la luz y del color\u2026 y ahora, tambi\u00e9n es la primera ciudad espa\u00f1ola en convertirse en la capital mundial del dise\u00f1o durante todo el a\u00f1o 2022. Flamante distinci\u00f3n que comparte con otras capitales que fueron designadas en a\u00f1os anteriores, como Tur\u00edn, Se\u00fal, [&hellip;]\" \/>\n<meta property=\"og:url\" content=\"https:\/\/www.deltamobleandorra.com\/es\/valencia-ciudad-del-diseno\/\" \/>\n<meta property=\"og:site_name\" content=\"Delta Moble\" \/>\n<meta property=\"article:publisher\" content=\"https:\/\/www.facebook.com\/deltamoble.and\/\" \/>\n<meta property=\"article:published_time\" content=\"2022-05-19T13:25:54+00:00\" \/>\n<meta property=\"og:image\" content=\"https:\/\/www.deltamobleandorra.com\/wp-content\/uploads\/2022\/05\/valencia_disseny-1024x753.jpg\" \/>\n<meta name=\"author\" content=\"WOW Comunicacio\" \/>\n<meta name=\"twitter:card\" content=\"summary_large_image\" \/>\n<meta name=\"twitter:label1\" content=\"Escrito por\" \/>\n\t<meta name=\"twitter:data1\" content=\"WOW Comunicacio\" \/>\n\t<meta name=\"twitter:label2\" content=\"Tiempo de lectura\" \/>\n\t<meta name=\"twitter:data2\" content=\"5 minutos\" \/>\n<script type=\"application\/ld+json\" class=\"yoast-schema-graph\">{\"@context\":\"https:\\\/\\\/schema.org\",\"@graph\":[{\"@type\":\"Article\",\"@id\":\"https:\\\/\\\/www.deltamobleandorra.com\\\/es\\\/valencia-ciudad-del-diseno\\\/#article\",\"isPartOf\":{\"@id\":\"https:\\\/\\\/www.deltamobleandorra.com\\\/es\\\/valencia-ciudad-del-diseno\\\/\"},\"author\":{\"name\":\"WOW Comunicacio\",\"@id\":\"https:\\\/\\\/www.deltamobleandorra.com\\\/es\\\/#\\\/schema\\\/person\\\/f1601463085417d0e8b6e8a7f5aa0b6f\"},\"headline\":\"Valencia, ciudad del dise\u00f1o\",\"datePublished\":\"2022-05-19T13:25:54+00:00\",\"mainEntityOfPage\":{\"@id\":\"https:\\\/\\\/www.deltamobleandorra.com\\\/es\\\/valencia-ciudad-del-diseno\\\/\"},\"wordCount\":999,\"publisher\":{\"@id\":\"https:\\\/\\\/www.deltamobleandorra.com\\\/es\\\/#organization\"},\"image\":{\"@id\":\"https:\\\/\\\/www.deltamobleandorra.com\\\/es\\\/valencia-ciudad-del-diseno\\\/#primaryimage\"},\"thumbnailUrl\":\"https:\\\/\\\/www.deltamobleandorra.com\\\/wp-content\\\/uploads\\\/2022\\\/05\\\/valencia_disseny.jpg\",\"articleSection\":[\"Mesas\",\"Sillas\",\"Sin categorizar\",\"Sof\u00e0s\"],\"inLanguage\":\"es\"},{\"@type\":\"WebPage\",\"@id\":\"https:\\\/\\\/www.deltamobleandorra.com\\\/es\\\/valencia-ciudad-del-diseno\\\/\",\"url\":\"https:\\\/\\\/www.deltamobleandorra.com\\\/es\\\/valencia-ciudad-del-diseno\\\/\",\"name\":\"Valencia, ciudad del dise\u00f1o - Delta Moble\",\"isPartOf\":{\"@id\":\"https:\\\/\\\/www.deltamobleandorra.com\\\/es\\\/#website\"},\"primaryImageOfPage\":{\"@id\":\"https:\\\/\\\/www.deltamobleandorra.com\\\/es\\\/valencia-ciudad-del-diseno\\\/#primaryimage\"},\"image\":{\"@id\":\"https:\\\/\\\/www.deltamobleandorra.com\\\/es\\\/valencia-ciudad-del-diseno\\\/#primaryimage\"},\"thumbnailUrl\":\"https:\\\/\\\/www.deltamobleandorra.com\\\/wp-content\\\/uploads\\\/2022\\\/05\\\/valencia_disseny.jpg\",\"datePublished\":\"2022-05-19T13:25:54+00:00\",\"breadcrumb\":{\"@id\":\"https:\\\/\\\/www.deltamobleandorra.com\\\/es\\\/valencia-ciudad-del-diseno\\\/#breadcrumb\"},\"inLanguage\":\"es\",\"potentialAction\":[{\"@type\":\"ReadAction\",\"target\":[\"https:\\\/\\\/www.deltamobleandorra.com\\\/es\\\/valencia-ciudad-del-diseno\\\/\"]}]},{\"@type\":\"ImageObject\",\"inLanguage\":\"es\",\"@id\":\"https:\\\/\\\/www.deltamobleandorra.com\\\/es\\\/valencia-ciudad-del-diseno\\\/#primaryimage\",\"url\":\"https:\\\/\\\/www.deltamobleandorra.com\\\/wp-content\\\/uploads\\\/2022\\\/05\\\/valencia_disseny.jpg\",\"contentUrl\":\"https:\\\/\\\/www.deltamobleandorra.com\\\/wp-content\\\/uploads\\\/2022\\\/05\\\/valencia_disseny.jpg\",\"width\":1600,\"height\":1177},{\"@type\":\"BreadcrumbList\",\"@id\":\"https:\\\/\\\/www.deltamobleandorra.com\\\/es\\\/valencia-ciudad-del-diseno\\\/#breadcrumb\",\"itemListElement\":[{\"@type\":\"ListItem\",\"position\":1,\"name\":\"Home\",\"item\":\"https:\\\/\\\/www.deltamobleandorra.com\\\/es\\\/\"},{\"@type\":\"ListItem\",\"position\":2,\"name\":\"Valencia, ciudad del dise\u00f1o\"}]},{\"@type\":\"WebSite\",\"@id\":\"https:\\\/\\\/www.deltamobleandorra.com\\\/es\\\/#website\",\"url\":\"https:\\\/\\\/www.deltamobleandorra.com\\\/es\\\/\",\"name\":\"Delta Moble\",\"description\":\"Disseny, Innovaci\u00f3 i Modernitat - Escaldes-Engordany, Andorra\",\"publisher\":{\"@id\":\"https:\\\/\\\/www.deltamobleandorra.com\\\/es\\\/#organization\"},\"potentialAction\":[{\"@type\":\"SearchAction\",\"target\":{\"@type\":\"EntryPoint\",\"urlTemplate\":\"https:\\\/\\\/www.deltamobleandorra.com\\\/es\\\/?s={search_term_string}\"},\"query-input\":{\"@type\":\"PropertyValueSpecification\",\"valueRequired\":true,\"valueName\":\"search_term_string\"}}],\"inLanguage\":\"es\"},{\"@type\":\"Organization\",\"@id\":\"https:\\\/\\\/www.deltamobleandorra.com\\\/es\\\/#organization\",\"name\":\"Delta Moble\",\"url\":\"https:\\\/\\\/www.deltamobleandorra.com\\\/es\\\/\",\"logo\":{\"@type\":\"ImageObject\",\"inLanguage\":\"es\",\"@id\":\"https:\\\/\\\/www.deltamobleandorra.com\\\/es\\\/#\\\/schema\\\/logo\\\/image\\\/\",\"url\":\"http:\\\/\\\/www.deltamobleandorra.com\\\/wp-content\\\/uploads\\\/2021\\\/11\\\/Delta-Moble-Brand-Dark-1X.png\",\"contentUrl\":\"http:\\\/\\\/www.deltamobleandorra.com\\\/wp-content\\\/uploads\\\/2021\\\/11\\\/Delta-Moble-Brand-Dark-1X.png\",\"width\":189,\"height\":30,\"caption\":\"Delta Moble\"},\"image\":{\"@id\":\"https:\\\/\\\/www.deltamobleandorra.com\\\/es\\\/#\\\/schema\\\/logo\\\/image\\\/\"},\"sameAs\":[\"https:\\\/\\\/www.facebook.com\\\/deltamoble.and\\\/\",\"https:\\\/\\\/www.instagram.com\\\/deltamoble\"]},{\"@type\":\"Person\",\"@id\":\"https:\\\/\\\/www.deltamobleandorra.com\\\/es\\\/#\\\/schema\\\/person\\\/f1601463085417d0e8b6e8a7f5aa0b6f\",\"name\":\"WOW Comunicacio\",\"image\":{\"@type\":\"ImageObject\",\"inLanguage\":\"es\",\"@id\":\"https:\\\/\\\/secure.gravatar.com\\\/avatar\\\/00766d30a5e634cf432c225ebae13efad1d88f9e4834f83b636d05c90ec6b276?s=96&d=mm&r=g\",\"url\":\"https:\\\/\\\/secure.gravatar.com\\\/avatar\\\/00766d30a5e634cf432c225ebae13efad1d88f9e4834f83b636d05c90ec6b276?s=96&d=mm&r=g\",\"contentUrl\":\"https:\\\/\\\/secure.gravatar.com\\\/avatar\\\/00766d30a5e634cf432c225ebae13efad1d88f9e4834f83b636d05c90ec6b276?s=96&d=mm&r=g\",\"caption\":\"WOW Comunicacio\"},\"sameAs\":[\"http:\\\/\\\/www.wowcomunicacio.com\"]}]}<\/script>\n<!-- \/ Yoast SEO plugin. -->","yoast_head_json":{"title":"Valencia, ciudad del dise\u00f1o - Delta Moble","robots":{"index":"index","follow":"follow","max-snippet":"max-snippet:-1","max-image-preview":"max-image-preview:large","max-video-preview":"max-video-preview:-1"},"canonical":"https:\/\/www.deltamobleandorra.com\/es\/valencia-ciudad-del-diseno\/","og_locale":"es_ES","og_type":"article","og_title":"Valencia, ciudad del dise\u00f1o - Delta Moble","og_description":"Valencia, como dice su conocido himno, es la tierra de las flores, de la luz y del color\u2026 y ahora, tambi\u00e9n es la primera ciudad espa\u00f1ola en convertirse en la capital mundial del dise\u00f1o durante todo el a\u00f1o 2022. Flamante distinci\u00f3n que comparte con otras capitales que fueron designadas en a\u00f1os anteriores, como Tur\u00edn, Se\u00fal, [&hellip;]","og_url":"https:\/\/www.deltamobleandorra.com\/es\/valencia-ciudad-del-diseno\/","og_site_name":"Delta Moble","article_publisher":"https:\/\/www.facebook.com\/deltamoble.and\/","article_published_time":"2022-05-19T13:25:54+00:00","og_image":[{"url":"https:\/\/www.deltamobleandorra.com\/wp-content\/uploads\/2022\/05\/valencia_disseny-1024x753.jpg","type":"","width":"","height":""}],"author":"WOW Comunicacio","twitter_card":"summary_large_image","twitter_misc":{"Escrito por":"WOW Comunicacio","Tiempo de lectura":"5 minutos"},"schema":{"@context":"https:\/\/schema.org","@graph":[{"@type":"Article","@id":"https:\/\/www.deltamobleandorra.com\/es\/valencia-ciudad-del-diseno\/#article","isPartOf":{"@id":"https:\/\/www.deltamobleandorra.com\/es\/valencia-ciudad-del-diseno\/"},"author":{"name":"WOW Comunicacio","@id":"https:\/\/www.deltamobleandorra.com\/es\/#\/schema\/person\/f1601463085417d0e8b6e8a7f5aa0b6f"},"headline":"Valencia, ciudad del dise\u00f1o","datePublished":"2022-05-19T13:25:54+00:00","mainEntityOfPage":{"@id":"https:\/\/www.deltamobleandorra.com\/es\/valencia-ciudad-del-diseno\/"},"wordCount":999,"publisher":{"@id":"https:\/\/www.deltamobleandorra.com\/es\/#organization"},"image":{"@id":"https:\/\/www.deltamobleandorra.com\/es\/valencia-ciudad-del-diseno\/#primaryimage"},"thumbnailUrl":"https:\/\/www.deltamobleandorra.com\/wp-content\/uploads\/2022\/05\/valencia_disseny.jpg","articleSection":["Mesas","Sillas","Sin categorizar","Sof\u00e0s"],"inLanguage":"es"},{"@type":"WebPage","@id":"https:\/\/www.deltamobleandorra.com\/es\/valencia-ciudad-del-diseno\/","url":"https:\/\/www.deltamobleandorra.com\/es\/valencia-ciudad-del-diseno\/","name":"Valencia, ciudad del dise\u00f1o - Delta Moble","isPartOf":{"@id":"https:\/\/www.deltamobleandorra.com\/es\/#website"},"primaryImageOfPage":{"@id":"https:\/\/www.deltamobleandorra.com\/es\/valencia-ciudad-del-diseno\/#primaryimage"},"image":{"@id":"https:\/\/www.deltamobleandorra.com\/es\/valencia-ciudad-del-diseno\/#primaryimage"},"thumbnailUrl":"https:\/\/www.deltamobleandorra.com\/wp-content\/uploads\/2022\/05\/valencia_disseny.jpg","datePublished":"2022-05-19T13:25:54+00:00","breadcrumb":{"@id":"https:\/\/www.deltamobleandorra.com\/es\/valencia-ciudad-del-diseno\/#breadcrumb"},"inLanguage":"es","potentialAction":[{"@type":"ReadAction","target":["https:\/\/www.deltamobleandorra.com\/es\/valencia-ciudad-del-diseno\/"]}]},{"@type":"ImageObject","inLanguage":"es","@id":"https:\/\/www.deltamobleandorra.com\/es\/valencia-ciudad-del-diseno\/#primaryimage","url":"https:\/\/www.deltamobleandorra.com\/wp-content\/uploads\/2022\/05\/valencia_disseny.jpg","contentUrl":"https:\/\/www.deltamobleandorra.com\/wp-content\/uploads\/2022\/05\/valencia_disseny.jpg","width":1600,"height":1177},{"@type":"BreadcrumbList","@id":"https:\/\/www.deltamobleandorra.com\/es\/valencia-ciudad-del-diseno\/#breadcrumb","itemListElement":[{"@type":"ListItem","position":1,"name":"Home","item":"https:\/\/www.deltamobleandorra.com\/es\/"},{"@type":"ListItem","position":2,"name":"Valencia, ciudad del dise\u00f1o"}]},{"@type":"WebSite","@id":"https:\/\/www.deltamobleandorra.com\/es\/#website","url":"https:\/\/www.deltamobleandorra.com\/es\/","name":"Delta Moble","description":"Disseny, Innovaci\u00f3 i Modernitat - Escaldes-Engordany, Andorra","publisher":{"@id":"https:\/\/www.deltamobleandorra.com\/es\/#organization"},"potentialAction":[{"@type":"SearchAction","target":{"@type":"EntryPoint","urlTemplate":"https:\/\/www.deltamobleandorra.com\/es\/?s={search_term_string}"},"query-input":{"@type":"PropertyValueSpecification","valueRequired":true,"valueName":"search_term_string"}}],"inLanguage":"es"},{"@type":"Organization","@id":"https:\/\/www.deltamobleandorra.com\/es\/#organization","name":"Delta Moble","url":"https:\/\/www.deltamobleandorra.com\/es\/","logo":{"@type":"ImageObject","inLanguage":"es","@id":"https:\/\/www.deltamobleandorra.com\/es\/#\/schema\/logo\/image\/","url":"https:\/\/www.deltamobleandorra.com\/wp-content\/uploads\/2021\/11\/Delta-Moble-Brand-Dark-1X.png","contentUrl":"https:\/\/www.deltamobleandorra.com\/wp-content\/uploads\/2021\/11\/Delta-Moble-Brand-Dark-1X.png","width":189,"height":30,"caption":"Delta Moble"},"image":{"@id":"https:\/\/www.deltamobleandorra.com\/es\/#\/schema\/logo\/image\/"},"sameAs":["https:\/\/www.facebook.com\/deltamoble.and\/","https:\/\/www.instagram.com\/deltamoble"]},{"@type":"Person","@id":"https:\/\/www.deltamobleandorra.com\/es\/#\/schema\/person\/f1601463085417d0e8b6e8a7f5aa0b6f","name":"WOW Comunicacio","image":{"@type":"ImageObject","inLanguage":"es","@id":"https:\/\/secure.gravatar.com\/avatar\/00766d30a5e634cf432c225ebae13efad1d88f9e4834f83b636d05c90ec6b276?s=96&d=mm&r=g","url":"https:\/\/secure.gravatar.com\/avatar\/00766d30a5e634cf432c225ebae13efad1d88f9e4834f83b636d05c90ec6b276?s=96&d=mm&r=g","contentUrl":"https:\/\/secure.gravatar.com\/avatar\/00766d30a5e634cf432c225ebae13efad1d88f9e4834f83b636d05c90ec6b276?s=96&d=mm&r=g","caption":"WOW Comunicacio"},"sameAs":["http:\/\/www.wowcomunicacio.com"]}]}},"_links":{"self":[{"href":"https:\/\/www.deltamobleandorra.com\/es\/wp-json\/wp\/v2\/posts\/2971","targetHints":{"allow":["GET"]}}],"collection":[{"href":"https:\/\/www.deltamobleandorra.com\/es\/wp-json\/wp\/v2\/posts"}],"about":[{"href":"https:\/\/www.deltamobleandorra.com\/es\/wp-json\/wp\/v2\/types\/post"}],"author":[{"embeddable":true,"href":"https:\/\/www.deltamobleandorra.com\/es\/wp-json\/wp\/v2\/users\/3"}],"replies":[{"embeddable":true,"href":"https:\/\/www.deltamobleandorra.com\/es\/wp-json\/wp\/v2\/comments?post=2971"}],"version-history":[{"count":0,"href":"https:\/\/www.deltamobleandorra.com\/es\/wp-json\/wp\/v2\/posts\/2971\/revisions"}],"wp:featuredmedia":[{"embeddable":true,"href":"https:\/\/www.deltamobleandorra.com\/es\/wp-json\/wp\/v2\/media\/2963"}],"wp:attachment":[{"href":"https:\/\/www.deltamobleandorra.com\/es\/wp-json\/wp\/v2\/media?parent=2971"}],"wp:term":[{"taxonomy":"category","embeddable":true,"href":"https:\/\/www.deltamobleandorra.com\/es\/wp-json\/wp\/v2\/categories?post=2971"},{"taxonomy":"post_tag","embeddable":true,"href":"https:\/\/www.deltamobleandorra.com\/es\/wp-json\/wp\/v2\/tags?post=2971"}],"curies":[{"name":"wp","href":"https:\/\/api.w.org\/{rel}","templated":true}]}}