{"id":2998,"date":"2022-06-21T15:25:14","date_gmt":"2022-06-21T13:25:14","guid":{"rendered":"https:\/\/www.deltamobleandorra.com\/felipe-pantone-colorea-el-sillon-archibald-para-celebrar-el-110-aniversario-de-poltrona-frau\/"},"modified":"2022-06-21T15:25:14","modified_gmt":"2022-06-21T13:25:14","slug":"felipe-pantone-colorea-el-sillon-archibald-para-celebrar-el-110-aniversario-de-poltrona-frau","status":"publish","type":"post","link":"https:\/\/www.deltamobleandorra.com\/es\/felipe-pantone-colorea-el-sillon-archibald-para-celebrar-el-110-aniversario-de-poltrona-frau\/","title":{"rendered":"Felipe Pantone colorea el sill\u00f3n Archibald para celebrar el 110 aniversario de Poltrona Frau"},"content":{"rendered":"<p><img decoding=\"async\" class=\"alignnone wp-image-2982 size-large lazyload\" data-src=\"https:\/\/www.deltamobleandorra.com\/wp-content\/uploads\/2022\/06\/88087_06-1024x683.jpg\" alt=\"\" width=\"848\" height=\"566\" data-srcset=\"https:\/\/www.deltamobleandorra.com\/wp-content\/uploads\/2022\/06\/88087_06-1024x683.jpg 1024w, https:\/\/www.deltamobleandorra.com\/wp-content\/uploads\/2022\/06\/88087_06-300x200.jpg 300w, https:\/\/www.deltamobleandorra.com\/wp-content\/uploads\/2022\/06\/88087_06-768x512.jpg 768w, https:\/\/www.deltamobleandorra.com\/wp-content\/uploads\/2022\/06\/88087_06-1536x1024.jpg 1536w, https:\/\/www.deltamobleandorra.com\/wp-content\/uploads\/2022\/06\/88087_06-848x565.jpg 848w, https:\/\/www.deltamobleandorra.com\/wp-content\/uploads\/2022\/06\/88087_06-1140x760.jpg 1140w, https:\/\/www.deltamobleandorra.com\/wp-content\/uploads\/2022\/06\/88087_06-1170x780.jpg 1170w, https:\/\/www.deltamobleandorra.com\/wp-content\/uploads\/2022\/06\/88087_06.jpg 1732w\" data-sizes=\"(max-width: 848px) 100vw, 848px\" src=\"data:image\/svg+xml;base64,PHN2ZyB3aWR0aD0iMSIgaGVpZ2h0PSIxIiB4bWxucz0iaHR0cDovL3d3dy53My5vcmcvMjAwMC9zdmciPjwvc3ZnPg==\" style=\"--smush-placeholder-width: 848px; --smush-placeholder-aspect-ratio: 848\/566;\" \/><br \/>\n<em>\u00abColor only happens because of light, and light is the only reason why life happens\u00bb<\/em><\/p>\n<p><strong>Felipe Pantone<\/strong><\/p>\n<p>Poltrona Frau es una marca de dise\u00f1o de gran reconocimiento internacional arraigada en la tradici\u00f3n manufacturera italiana. Sus sillones son sin\u00f3nimo de interiores de alta gama, ideales tanto para el hogar como para la oficina. La artesan\u00eda de los procesos de producci\u00f3n, junto con la elecci\u00f3n de las mejores pieles de origen europeo ha dado lugar, a lo largo de las d\u00e9cadas, a verdaderos productos icono.<\/p>\n<p>La empresa cuenta con la colaboraci\u00f3n de grandes maestros internacionales de la arquitectura y el dise\u00f1o que crean piezas vanguardistas de gran confort basadas en los mejores est\u00e1ndares de calidad. Ahora celebra sus 110 a\u00f1os con una nueva versi\u00f3n de uno de sus modelos m\u00e1s emblem\u00e1ticos y, sin duda, uno de nuestros preferidos: el sill\u00f3n Archibald, de Jean Marie Massaud. Se trata de una edici\u00f3n limitada firmada por el artista argentino-espa\u00f1ol Felipe Pantone, conocido por fusionar el \u201cpasado anal\u00f3gico con el futuro digital\u201d en sus murales, pinturas y esculturas, sello de identidad que logra plasmar a la perfecci\u00f3n en esta edici\u00f3n limitada del sill\u00f3n (s\u00f3lo se fabricar\u00e1n 110 piezas).<\/p>\n<p><img decoding=\"async\" class=\"alignnone wp-image-2985 size-full lazyload\" data-src=\"https:\/\/www.deltamobleandorra.com\/wp-content\/uploads\/2022\/06\/j_88087_14.jpg\" alt=\"\" width=\"720\" height=\"480\" data-srcset=\"https:\/\/www.deltamobleandorra.com\/wp-content\/uploads\/2022\/06\/j_88087_14.jpg 720w, https:\/\/www.deltamobleandorra.com\/wp-content\/uploads\/2022\/06\/j_88087_14-300x200.jpg 300w\" data-sizes=\"(max-width: 720px) 100vw, 720px\" src=\"data:image\/svg+xml;base64,PHN2ZyB3aWR0aD0iMSIgaGVpZ2h0PSIxIiB4bWxucz0iaHR0cDovL3d3dy53My5vcmcvMjAwMC9zdmciPjwvc3ZnPg==\" style=\"--smush-placeholder-width: 720px; --smush-placeholder-aspect-ratio: 720\/480;\" \/><br \/>\nEl patr\u00f3n de cuadr\u00edcula de vibrantes colores creado por Pantone, est\u00e1 impreso directamente sobre el cuero utilizando el mismo tipo de producci\u00f3n que generalmente se reserva para peque\u00f1os art\u00edculos de cuero de lujo. Para enfatizar a\u00fan m\u00e1s esta vibraci\u00f3n de tonos fr\u00edos y c\u00e1lidos, la base y las esbeltas patas de metal de la silla est\u00e1n acabadas con Multicolor Natural Chrome, dejando un efecto iridiscente de color azul p\u00farpura. Adem\u00e1s, esta nueva versi\u00f3n del Archibald utiliza el nuevo cuero ImpactLess\u00ae de Poltrona Frau, resultado del compromiso continuo de la marca para maximizar la sostenibilidad: no contiene cromo, usa menos agua y reduce a\u00fan m\u00e1s el consumo de componentes qu\u00edmicos del cuero.<\/p>\n<p><img decoding=\"async\" class=\"alignnone wp-image-2989 size-large lazyload\" data-src=\"https:\/\/www.deltamobleandorra.com\/wp-content\/uploads\/2022\/06\/88087_09-1024x683.jpg\" alt=\"\" width=\"848\" height=\"566\" data-srcset=\"https:\/\/www.deltamobleandorra.com\/wp-content\/uploads\/2022\/06\/88087_09-1024x683.jpg 1024w, https:\/\/www.deltamobleandorra.com\/wp-content\/uploads\/2022\/06\/88087_09-300x200.jpg 300w, https:\/\/www.deltamobleandorra.com\/wp-content\/uploads\/2022\/06\/88087_09-768x512.jpg 768w, https:\/\/www.deltamobleandorra.com\/wp-content\/uploads\/2022\/06\/88087_09-1536x1024.jpg 1536w, https:\/\/www.deltamobleandorra.com\/wp-content\/uploads\/2022\/06\/88087_09-848x565.jpg 848w, https:\/\/www.deltamobleandorra.com\/wp-content\/uploads\/2022\/06\/88087_09-1140x760.jpg 1140w, https:\/\/www.deltamobleandorra.com\/wp-content\/uploads\/2022\/06\/88087_09-1170x780.jpg 1170w, https:\/\/www.deltamobleandorra.com\/wp-content\/uploads\/2022\/06\/88087_09.jpg 1732w\" data-sizes=\"(max-width: 848px) 100vw, 848px\" src=\"data:image\/svg+xml;base64,PHN2ZyB3aWR0aD0iMSIgaGVpZ2h0PSIxIiB4bWxucz0iaHR0cDovL3d3dy53My5vcmcvMjAwMC9zdmciPjwvc3ZnPg==\" style=\"--smush-placeholder-width: 848px; --smush-placeholder-aspect-ratio: 848\/566;\" \/><br \/>\nCada sill\u00f3n vendr\u00e1 acompa\u00f1ado de un precioso custom-made clutch dise\u00f1ado con el mismo patr\u00f3n decorativo, que contendr\u00e1 un certificado de autenticidad firmado y un kit de limpieza de cuero Pelle Frau\u00ae dedicado. Adem\u00e1s, estar\u00e1 disponible para su compra un modelo a escala en miniatura hecho a mano del sill\u00f3n en cuero para brindar a los admiradores de Felipe Pantone y Poltrona Frau la oportunidad de poseer un producto de esta colaboraci\u00f3n tan especial.<\/p>\n<p><img decoding=\"async\" class=\"alignnone wp-image-2987 size-large lazyload\" data-src=\"https:\/\/www.deltamobleandorra.com\/wp-content\/uploads\/2022\/06\/88087_08-1024x683.jpg\" alt=\"\" width=\"848\" height=\"566\" data-srcset=\"https:\/\/www.deltamobleandorra.com\/wp-content\/uploads\/2022\/06\/88087_08-1024x683.jpg 1024w, https:\/\/www.deltamobleandorra.com\/wp-content\/uploads\/2022\/06\/88087_08-300x200.jpg 300w, https:\/\/www.deltamobleandorra.com\/wp-content\/uploads\/2022\/06\/88087_08-768x512.jpg 768w, https:\/\/www.deltamobleandorra.com\/wp-content\/uploads\/2022\/06\/88087_08-1536x1024.jpg 1536w, https:\/\/www.deltamobleandorra.com\/wp-content\/uploads\/2022\/06\/88087_08-848x565.jpg 848w, https:\/\/www.deltamobleandorra.com\/wp-content\/uploads\/2022\/06\/88087_08-1140x760.jpg 1140w, https:\/\/www.deltamobleandorra.com\/wp-content\/uploads\/2022\/06\/88087_08-1170x780.jpg 1170w, https:\/\/www.deltamobleandorra.com\/wp-content\/uploads\/2022\/06\/88087_08.jpg 1732w\" data-sizes=\"(max-width: 848px) 100vw, 848px\" src=\"data:image\/svg+xml;base64,PHN2ZyB3aWR0aD0iMSIgaGVpZ2h0PSIxIiB4bWxucz0iaHR0cDovL3d3dy53My5vcmcvMjAwMC9zdmciPjwvc3ZnPg==\" style=\"--smush-placeholder-width: 848px; --smush-placeholder-aspect-ratio: 848\/566;\" \/><br \/>\n<a href=\"https:\/\/pf.poltronafrau.com\/us\/en\/limited-edition-archibald\">https:\/\/pf.poltronafrau.com<\/a><\/p>\n<p>&nbsp;<\/p>\n","protected":false},"excerpt":{"rendered":"<p>\u00abColor only happens because of light, and light is the only reason why life happens\u00bb Felipe Pantone Poltrona Frau es una marca de dise\u00f1o de gran reconocimiento internacional arraigada en la tradici\u00f3n manufacturera italiana. Sus sillones son sin\u00f3nimo de interiores de alta gama, ideales tanto para el hogar como para la oficina. La artesan\u00eda de [&hellip;]<\/p>\n","protected":false},"author":2,"featured_media":2982,"comment_status":"closed","ping_status":"closed","sticky":false,"template":"","format":"standard","meta":{"_acf_changed":false,"footnotes":""},"categories":[40,53],"tags":[],"class_list":["post-2998","post","type-post","status-publish","format-standard","has-post-thumbnail","hentry","category-butacas","category-sofas-es"],"acf":[],"yoast_head":"<!-- This site is optimized with the Yoast SEO plugin v27.5 - https:\/\/yoast.com\/product\/yoast-seo-wordpress\/ -->\n<title>Felipe Pantone colorea el sill\u00f3n Archibald para celebrar el 110 aniversario de Poltrona Frau - Delta Moble<\/title>\n<meta name=\"robots\" content=\"index, follow, max-snippet:-1, max-image-preview:large, max-video-preview:-1\" \/>\n<link rel=\"canonical\" href=\"https:\/\/www.deltamobleandorra.com\/es\/felipe-pantone-colorea-el-sillon-archibald-para-celebrar-el-110-aniversario-de-poltrona-frau\/\" \/>\n<meta property=\"og:locale\" content=\"es_ES\" \/>\n<meta property=\"og:type\" content=\"article\" \/>\n<meta property=\"og:title\" content=\"Felipe Pantone colorea el sill\u00f3n Archibald para celebrar el 110 aniversario de Poltrona Frau - Delta Moble\" \/>\n<meta property=\"og:description\" content=\"\u00abColor only happens because of light, and light is the only reason why life happens\u00bb Felipe Pantone Poltrona Frau es una marca de dise\u00f1o de gran reconocimiento internacional arraigada en la tradici\u00f3n manufacturera italiana. Sus sillones son sin\u00f3nimo de interiores de alta gama, ideales tanto para el hogar como para la oficina. La artesan\u00eda de [&hellip;]\" \/>\n<meta property=\"og:url\" content=\"https:\/\/www.deltamobleandorra.com\/es\/felipe-pantone-colorea-el-sillon-archibald-para-celebrar-el-110-aniversario-de-poltrona-frau\/\" \/>\n<meta property=\"og:site_name\" content=\"Delta Moble\" \/>\n<meta property=\"article:publisher\" content=\"https:\/\/www.facebook.com\/deltamoble.and\/\" \/>\n<meta property=\"article:published_time\" content=\"2022-06-21T13:25:14+00:00\" \/>\n<meta property=\"og:image\" content=\"https:\/\/www.deltamobleandorra.com\/wp-content\/uploads\/2022\/06\/88087_06.jpg\" \/>\n\t<meta property=\"og:image:width\" content=\"1732\" \/>\n\t<meta property=\"og:image:height\" content=\"1155\" \/>\n\t<meta property=\"og:image:type\" content=\"image\/jpeg\" \/>\n<meta name=\"author\" content=\"Delta Moble\" \/>\n<meta name=\"twitter:card\" content=\"summary_large_image\" \/>\n<meta name=\"twitter:label1\" content=\"Escrito por\" \/>\n\t<meta name=\"twitter:data1\" content=\"Delta Moble\" \/>\n\t<meta name=\"twitter:label2\" content=\"Tiempo de lectura\" \/>\n\t<meta name=\"twitter:data2\" content=\"2 minutos\" \/>\n<script type=\"application\/ld+json\" class=\"yoast-schema-graph\">{\"@context\":\"https:\\\/\\\/schema.org\",\"@graph\":[{\"@type\":\"Article\",\"@id\":\"https:\\\/\\\/www.deltamobleandorra.com\\\/es\\\/felipe-pantone-colorea-el-sillon-archibald-para-celebrar-el-110-aniversario-de-poltrona-frau\\\/#article\",\"isPartOf\":{\"@id\":\"https:\\\/\\\/www.deltamobleandorra.com\\\/es\\\/felipe-pantone-colorea-el-sillon-archibald-para-celebrar-el-110-aniversario-de-poltrona-frau\\\/\"},\"author\":{\"name\":\"Delta Moble\",\"@id\":\"https:\\\/\\\/www.deltamobleandorra.com\\\/es\\\/#\\\/schema\\\/person\\\/d838615d0ccfc0f17901cdeeb70440af\"},\"headline\":\"Felipe Pantone colorea el sill\u00f3n Archibald para celebrar el 110 aniversario de Poltrona Frau\",\"datePublished\":\"2022-06-21T13:25:14+00:00\",\"mainEntityOfPage\":{\"@id\":\"https:\\\/\\\/www.deltamobleandorra.com\\\/es\\\/felipe-pantone-colorea-el-sillon-archibald-para-celebrar-el-110-aniversario-de-poltrona-frau\\\/\"},\"wordCount\":440,\"publisher\":{\"@id\":\"https:\\\/\\\/www.deltamobleandorra.com\\\/es\\\/#organization\"},\"image\":{\"@id\":\"https:\\\/\\\/www.deltamobleandorra.com\\\/es\\\/felipe-pantone-colorea-el-sillon-archibald-para-celebrar-el-110-aniversario-de-poltrona-frau\\\/#primaryimage\"},\"thumbnailUrl\":\"https:\\\/\\\/www.deltamobleandorra.com\\\/wp-content\\\/uploads\\\/2022\\\/06\\\/88087_06.jpg\",\"articleSection\":[\"Butacas\",\"Sof\u00e0s\"],\"inLanguage\":\"es\"},{\"@type\":\"WebPage\",\"@id\":\"https:\\\/\\\/www.deltamobleandorra.com\\\/es\\\/felipe-pantone-colorea-el-sillon-archibald-para-celebrar-el-110-aniversario-de-poltrona-frau\\\/\",\"url\":\"https:\\\/\\\/www.deltamobleandorra.com\\\/es\\\/felipe-pantone-colorea-el-sillon-archibald-para-celebrar-el-110-aniversario-de-poltrona-frau\\\/\",\"name\":\"Felipe Pantone colorea el sill\u00f3n Archibald para celebrar el 110 aniversario de Poltrona Frau - Delta Moble\",\"isPartOf\":{\"@id\":\"https:\\\/\\\/www.deltamobleandorra.com\\\/es\\\/#website\"},\"primaryImageOfPage\":{\"@id\":\"https:\\\/\\\/www.deltamobleandorra.com\\\/es\\\/felipe-pantone-colorea-el-sillon-archibald-para-celebrar-el-110-aniversario-de-poltrona-frau\\\/#primaryimage\"},\"image\":{\"@id\":\"https:\\\/\\\/www.deltamobleandorra.com\\\/es\\\/felipe-pantone-colorea-el-sillon-archibald-para-celebrar-el-110-aniversario-de-poltrona-frau\\\/#primaryimage\"},\"thumbnailUrl\":\"https:\\\/\\\/www.deltamobleandorra.com\\\/wp-content\\\/uploads\\\/2022\\\/06\\\/88087_06.jpg\",\"datePublished\":\"2022-06-21T13:25:14+00:00\",\"breadcrumb\":{\"@id\":\"https:\\\/\\\/www.deltamobleandorra.com\\\/es\\\/felipe-pantone-colorea-el-sillon-archibald-para-celebrar-el-110-aniversario-de-poltrona-frau\\\/#breadcrumb\"},\"inLanguage\":\"es\",\"potentialAction\":[{\"@type\":\"ReadAction\",\"target\":[\"https:\\\/\\\/www.deltamobleandorra.com\\\/es\\\/felipe-pantone-colorea-el-sillon-archibald-para-celebrar-el-110-aniversario-de-poltrona-frau\\\/\"]}]},{\"@type\":\"ImageObject\",\"inLanguage\":\"es\",\"@id\":\"https:\\\/\\\/www.deltamobleandorra.com\\\/es\\\/felipe-pantone-colorea-el-sillon-archibald-para-celebrar-el-110-aniversario-de-poltrona-frau\\\/#primaryimage\",\"url\":\"https:\\\/\\\/www.deltamobleandorra.com\\\/wp-content\\\/uploads\\\/2022\\\/06\\\/88087_06.jpg\",\"contentUrl\":\"https:\\\/\\\/www.deltamobleandorra.com\\\/wp-content\\\/uploads\\\/2022\\\/06\\\/88087_06.jpg\",\"width\":1732,\"height\":1155},{\"@type\":\"BreadcrumbList\",\"@id\":\"https:\\\/\\\/www.deltamobleandorra.com\\\/es\\\/felipe-pantone-colorea-el-sillon-archibald-para-celebrar-el-110-aniversario-de-poltrona-frau\\\/#breadcrumb\",\"itemListElement\":[{\"@type\":\"ListItem\",\"position\":1,\"name\":\"Home\",\"item\":\"https:\\\/\\\/www.deltamobleandorra.com\\\/es\\\/\"},{\"@type\":\"ListItem\",\"position\":2,\"name\":\"Felipe Pantone colorea el sill\u00f3n Archibald para celebrar el 110 aniversario de Poltrona Frau\"}]},{\"@type\":\"WebSite\",\"@id\":\"https:\\\/\\\/www.deltamobleandorra.com\\\/es\\\/#website\",\"url\":\"https:\\\/\\\/www.deltamobleandorra.com\\\/es\\\/\",\"name\":\"Delta Moble\",\"description\":\"Disseny, Innovaci\u00f3 i Modernitat - Escaldes-Engordany, Andorra\",\"publisher\":{\"@id\":\"https:\\\/\\\/www.deltamobleandorra.com\\\/es\\\/#organization\"},\"potentialAction\":[{\"@type\":\"SearchAction\",\"target\":{\"@type\":\"EntryPoint\",\"urlTemplate\":\"https:\\\/\\\/www.deltamobleandorra.com\\\/es\\\/?s={search_term_string}\"},\"query-input\":{\"@type\":\"PropertyValueSpecification\",\"valueRequired\":true,\"valueName\":\"search_term_string\"}}],\"inLanguage\":\"es\"},{\"@type\":\"Organization\",\"@id\":\"https:\\\/\\\/www.deltamobleandorra.com\\\/es\\\/#organization\",\"name\":\"Delta Moble\",\"url\":\"https:\\\/\\\/www.deltamobleandorra.com\\\/es\\\/\",\"logo\":{\"@type\":\"ImageObject\",\"inLanguage\":\"es\",\"@id\":\"https:\\\/\\\/www.deltamobleandorra.com\\\/es\\\/#\\\/schema\\\/logo\\\/image\\\/\",\"url\":\"http:\\\/\\\/www.deltamobleandorra.com\\\/wp-content\\\/uploads\\\/2021\\\/11\\\/Delta-Moble-Brand-Dark-1X.png\",\"contentUrl\":\"http:\\\/\\\/www.deltamobleandorra.com\\\/wp-content\\\/uploads\\\/2021\\\/11\\\/Delta-Moble-Brand-Dark-1X.png\",\"width\":189,\"height\":30,\"caption\":\"Delta Moble\"},\"image\":{\"@id\":\"https:\\\/\\\/www.deltamobleandorra.com\\\/es\\\/#\\\/schema\\\/logo\\\/image\\\/\"},\"sameAs\":[\"https:\\\/\\\/www.facebook.com\\\/deltamoble.and\\\/\",\"https:\\\/\\\/www.instagram.com\\\/deltamoble\"]},{\"@type\":\"Person\",\"@id\":\"https:\\\/\\\/www.deltamobleandorra.com\\\/es\\\/#\\\/schema\\\/person\\\/d838615d0ccfc0f17901cdeeb70440af\",\"name\":\"Delta Moble\",\"image\":{\"@type\":\"ImageObject\",\"inLanguage\":\"es\",\"@id\":\"https:\\\/\\\/secure.gravatar.com\\\/avatar\\\/3716afe20419e43c906454abaef92f0ae12b9e259bf38c3c381b4581def92b73?s=96&d=mm&r=g\",\"url\":\"https:\\\/\\\/secure.gravatar.com\\\/avatar\\\/3716afe20419e43c906454abaef92f0ae12b9e259bf38c3c381b4581def92b73?s=96&d=mm&r=g\",\"contentUrl\":\"https:\\\/\\\/secure.gravatar.com\\\/avatar\\\/3716afe20419e43c906454abaef92f0ae12b9e259bf38c3c381b4581def92b73?s=96&d=mm&r=g\",\"caption\":\"Delta Moble\"},\"sameAs\":[\"http:\\\/\\\/www.deltamobleandorra.com\\\/\"]}]}<\/script>\n<!-- \/ Yoast SEO plugin. -->","yoast_head_json":{"title":"Felipe Pantone colorea el sill\u00f3n Archibald para celebrar el 110 aniversario de Poltrona Frau - Delta Moble","robots":{"index":"index","follow":"follow","max-snippet":"max-snippet:-1","max-image-preview":"max-image-preview:large","max-video-preview":"max-video-preview:-1"},"canonical":"https:\/\/www.deltamobleandorra.com\/es\/felipe-pantone-colorea-el-sillon-archibald-para-celebrar-el-110-aniversario-de-poltrona-frau\/","og_locale":"es_ES","og_type":"article","og_title":"Felipe Pantone colorea el sill\u00f3n Archibald para celebrar el 110 aniversario de Poltrona Frau - Delta Moble","og_description":"\u00abColor only happens because of light, and light is the only reason why life happens\u00bb Felipe Pantone Poltrona Frau es una marca de dise\u00f1o de gran reconocimiento internacional arraigada en la tradici\u00f3n manufacturera italiana. Sus sillones son sin\u00f3nimo de interiores de alta gama, ideales tanto para el hogar como para la oficina. La artesan\u00eda de [&hellip;]","og_url":"https:\/\/www.deltamobleandorra.com\/es\/felipe-pantone-colorea-el-sillon-archibald-para-celebrar-el-110-aniversario-de-poltrona-frau\/","og_site_name":"Delta Moble","article_publisher":"https:\/\/www.facebook.com\/deltamoble.and\/","article_published_time":"2022-06-21T13:25:14+00:00","og_image":[{"width":1732,"height":1155,"url":"https:\/\/www.deltamobleandorra.com\/wp-content\/uploads\/2022\/06\/88087_06.jpg","type":"image\/jpeg"}],"author":"Delta Moble","twitter_card":"summary_large_image","twitter_misc":{"Escrito por":"Delta Moble","Tiempo de lectura":"2 minutos"},"schema":{"@context":"https:\/\/schema.org","@graph":[{"@type":"Article","@id":"https:\/\/www.deltamobleandorra.com\/es\/felipe-pantone-colorea-el-sillon-archibald-para-celebrar-el-110-aniversario-de-poltrona-frau\/#article","isPartOf":{"@id":"https:\/\/www.deltamobleandorra.com\/es\/felipe-pantone-colorea-el-sillon-archibald-para-celebrar-el-110-aniversario-de-poltrona-frau\/"},"author":{"name":"Delta Moble","@id":"https:\/\/www.deltamobleandorra.com\/es\/#\/schema\/person\/d838615d0ccfc0f17901cdeeb70440af"},"headline":"Felipe Pantone colorea el sill\u00f3n Archibald para celebrar el 110 aniversario de Poltrona Frau","datePublished":"2022-06-21T13:25:14+00:00","mainEntityOfPage":{"@id":"https:\/\/www.deltamobleandorra.com\/es\/felipe-pantone-colorea-el-sillon-archibald-para-celebrar-el-110-aniversario-de-poltrona-frau\/"},"wordCount":440,"publisher":{"@id":"https:\/\/www.deltamobleandorra.com\/es\/#organization"},"image":{"@id":"https:\/\/www.deltamobleandorra.com\/es\/felipe-pantone-colorea-el-sillon-archibald-para-celebrar-el-110-aniversario-de-poltrona-frau\/#primaryimage"},"thumbnailUrl":"https:\/\/www.deltamobleandorra.com\/wp-content\/uploads\/2022\/06\/88087_06.jpg","articleSection":["Butacas","Sof\u00e0s"],"inLanguage":"es"},{"@type":"WebPage","@id":"https:\/\/www.deltamobleandorra.com\/es\/felipe-pantone-colorea-el-sillon-archibald-para-celebrar-el-110-aniversario-de-poltrona-frau\/","url":"https:\/\/www.deltamobleandorra.com\/es\/felipe-pantone-colorea-el-sillon-archibald-para-celebrar-el-110-aniversario-de-poltrona-frau\/","name":"Felipe Pantone colorea el sill\u00f3n Archibald para celebrar el 110 aniversario de Poltrona Frau - Delta Moble","isPartOf":{"@id":"https:\/\/www.deltamobleandorra.com\/es\/#website"},"primaryImageOfPage":{"@id":"https:\/\/www.deltamobleandorra.com\/es\/felipe-pantone-colorea-el-sillon-archibald-para-celebrar-el-110-aniversario-de-poltrona-frau\/#primaryimage"},"image":{"@id":"https:\/\/www.deltamobleandorra.com\/es\/felipe-pantone-colorea-el-sillon-archibald-para-celebrar-el-110-aniversario-de-poltrona-frau\/#primaryimage"},"thumbnailUrl":"https:\/\/www.deltamobleandorra.com\/wp-content\/uploads\/2022\/06\/88087_06.jpg","datePublished":"2022-06-21T13:25:14+00:00","breadcrumb":{"@id":"https:\/\/www.deltamobleandorra.com\/es\/felipe-pantone-colorea-el-sillon-archibald-para-celebrar-el-110-aniversario-de-poltrona-frau\/#breadcrumb"},"inLanguage":"es","potentialAction":[{"@type":"ReadAction","target":["https:\/\/www.deltamobleandorra.com\/es\/felipe-pantone-colorea-el-sillon-archibald-para-celebrar-el-110-aniversario-de-poltrona-frau\/"]}]},{"@type":"ImageObject","inLanguage":"es","@id":"https:\/\/www.deltamobleandorra.com\/es\/felipe-pantone-colorea-el-sillon-archibald-para-celebrar-el-110-aniversario-de-poltrona-frau\/#primaryimage","url":"https:\/\/www.deltamobleandorra.com\/wp-content\/uploads\/2022\/06\/88087_06.jpg","contentUrl":"https:\/\/www.deltamobleandorra.com\/wp-content\/uploads\/2022\/06\/88087_06.jpg","width":1732,"height":1155},{"@type":"BreadcrumbList","@id":"https:\/\/www.deltamobleandorra.com\/es\/felipe-pantone-colorea-el-sillon-archibald-para-celebrar-el-110-aniversario-de-poltrona-frau\/#breadcrumb","itemListElement":[{"@type":"ListItem","position":1,"name":"Home","item":"https:\/\/www.deltamobleandorra.com\/es\/"},{"@type":"ListItem","position":2,"name":"Felipe Pantone colorea el sill\u00f3n Archibald para celebrar el 110 aniversario de Poltrona Frau"}]},{"@type":"WebSite","@id":"https:\/\/www.deltamobleandorra.com\/es\/#website","url":"https:\/\/www.deltamobleandorra.com\/es\/","name":"Delta Moble","description":"Disseny, Innovaci\u00f3 i Modernitat - Escaldes-Engordany, Andorra","publisher":{"@id":"https:\/\/www.deltamobleandorra.com\/es\/#organization"},"potentialAction":[{"@type":"SearchAction","target":{"@type":"EntryPoint","urlTemplate":"https:\/\/www.deltamobleandorra.com\/es\/?s={search_term_string}"},"query-input":{"@type":"PropertyValueSpecification","valueRequired":true,"valueName":"search_term_string"}}],"inLanguage":"es"},{"@type":"Organization","@id":"https:\/\/www.deltamobleandorra.com\/es\/#organization","name":"Delta Moble","url":"https:\/\/www.deltamobleandorra.com\/es\/","logo":{"@type":"ImageObject","inLanguage":"es","@id":"https:\/\/www.deltamobleandorra.com\/es\/#\/schema\/logo\/image\/","url":"https:\/\/www.deltamobleandorra.com\/wp-content\/uploads\/2021\/11\/Delta-Moble-Brand-Dark-1X.png","contentUrl":"https:\/\/www.deltamobleandorra.com\/wp-content\/uploads\/2021\/11\/Delta-Moble-Brand-Dark-1X.png","width":189,"height":30,"caption":"Delta Moble"},"image":{"@id":"https:\/\/www.deltamobleandorra.com\/es\/#\/schema\/logo\/image\/"},"sameAs":["https:\/\/www.facebook.com\/deltamoble.and\/","https:\/\/www.instagram.com\/deltamoble"]},{"@type":"Person","@id":"https:\/\/www.deltamobleandorra.com\/es\/#\/schema\/person\/d838615d0ccfc0f17901cdeeb70440af","name":"Delta Moble","image":{"@type":"ImageObject","inLanguage":"es","@id":"https:\/\/secure.gravatar.com\/avatar\/3716afe20419e43c906454abaef92f0ae12b9e259bf38c3c381b4581def92b73?s=96&d=mm&r=g","url":"https:\/\/secure.gravatar.com\/avatar\/3716afe20419e43c906454abaef92f0ae12b9e259bf38c3c381b4581def92b73?s=96&d=mm&r=g","contentUrl":"https:\/\/secure.gravatar.com\/avatar\/3716afe20419e43c906454abaef92f0ae12b9e259bf38c3c381b4581def92b73?s=96&d=mm&r=g","caption":"Delta Moble"},"sameAs":["https:\/\/www.deltamobleandorra.com\/"]}]}},"_links":{"self":[{"href":"https:\/\/www.deltamobleandorra.com\/es\/wp-json\/wp\/v2\/posts\/2998","targetHints":{"allow":["GET"]}}],"collection":[{"href":"https:\/\/www.deltamobleandorra.com\/es\/wp-json\/wp\/v2\/posts"}],"about":[{"href":"https:\/\/www.deltamobleandorra.com\/es\/wp-json\/wp\/v2\/types\/post"}],"author":[{"embeddable":true,"href":"https:\/\/www.deltamobleandorra.com\/es\/wp-json\/wp\/v2\/users\/2"}],"replies":[{"embeddable":true,"href":"https:\/\/www.deltamobleandorra.com\/es\/wp-json\/wp\/v2\/comments?post=2998"}],"version-history":[{"count":0,"href":"https:\/\/www.deltamobleandorra.com\/es\/wp-json\/wp\/v2\/posts\/2998\/revisions"}],"wp:featuredmedia":[{"embeddable":true,"href":"https:\/\/www.deltamobleandorra.com\/es\/wp-json\/wp\/v2\/media\/2982"}],"wp:attachment":[{"href":"https:\/\/www.deltamobleandorra.com\/es\/wp-json\/wp\/v2\/media?parent=2998"}],"wp:term":[{"taxonomy":"category","embeddable":true,"href":"https:\/\/www.deltamobleandorra.com\/es\/wp-json\/wp\/v2\/categories?post=2998"},{"taxonomy":"post_tag","embeddable":true,"href":"https:\/\/www.deltamobleandorra.com\/es\/wp-json\/wp\/v2\/tags?post=2998"}],"curies":[{"name":"wp","href":"https:\/\/api.w.org\/{rel}","templated":true}]}}